{"id":1379,"date":"2021-04-22T14:44:21","date_gmt":"2021-04-22T12:44:21","guid":{"rendered":"https:\/\/www.xbrlfrance.org\/?p=1379"},"modified":"2021-11-03T17:16:07","modified_gmt":"2021-11-03T16:16:07","slug":"28-avril-2021-1345-1615-evenement-numerique-xbrl-france-sur-les-1eres-remises-esef","status":"publish","type":"post","link":"https:\/\/www.xbrlfrance.org\/?p=1379","title":{"rendered":"28\/04\/21 &#8211; 13:45-16:15 \u2013 Ev\u00e9nement XBRL France sur les 1\u00e8res  remises ESEF &#8211; 27\u00e9me semaine XBRL Europe sur ESEF &#8211; Les pr\u00e9sentations et la Vid\u00e9o sont en ligne"},"content":{"rendered":"\n<!--more-->\n\n\n\n<h3 style=\"text-align: center;\"><strong>AGENDA<\/strong><\/h3>\n<p style=\"text-align: center;\">&nbsp;<\/p>\n<ul>\n<li>13h45 &#8211; Ouverture de l&#8217;\u00e9v\u00e9nement XBRL France<\/li>\n<li>14h00 &#8211; 15h15 &#8211; Session de Pr\u00e9sentations anim\u00e9e par Thomas Verdin BM&amp;A , Vice Pr\u00e9sident XBRL Europe et Gilles Maguet D\u00e9l\u00e9gu\u00e9 G\u00e9n\u00e9ral XBRL France, CEO XBRL Europe<br>\n<ul>\n<li>14h00 &#8211; <a href=\"https:\/\/www.xbrlfrance.org\/wp-content\/uploads\/2021\/04\/0-Welcome-XBRL-FRANCE-28-avril-27th-revu-CL.pdf\">Introduction<\/a> &#8211; Bruno Tesni\u00e8re Vice Pr\u00e9sident XBRL France, Pr\u00e9sident XBRL Europe et Gilles Maguet<\/li>\n<li>14h05 &#8211; <a href=\"https:\/\/www.xbrlfrance.org\/wp-content\/uploads\/2021\/04\/1-AMF_ESEF-28-avril-2021-VF.pdf\">Point sur les Retours des 1\u00e8res remises ESEF par l\u2019AMF<\/a> &#8211; Marie Seiller et Lionel Martin AMF<\/li>\n<li>14h20 &#8211; Etat et \u00e9volution de la r\u00e9glementation par AMF et XBRL France &#8211; Marie Seiller et Lionel Martin AMF<\/li>\n<li>14h30 &#8211; <a href=\"https:\/\/www.xbrlfrance.org\/wp-content\/uploads\/2021\/04\/2-GTMAPPING-v0-28-avril_Template-XBRL-France.pdf\">XBRL France et son GT Mapping ESEF<\/a> \u2013 Thomas Verdin BM&amp;A et Astrid Montagnier KPMG co-dirigeants du GT Mapping ESEF de XBRL France<\/li>\n<li>14h40 &#8211; <a href=\"https:\/\/www.xbrlfrance.org\/wp-content\/uploads\/2021\/04\/3-Temoignage-EDF-XBRL-France-v26042021.pdf\">T\u00e9moignages du v\u00e9cu de 2 entreprises : EDF<\/a> &#8211; Nelly Lacoste, Direction financi\u00e8re ; Edenred &#8211; Alexandre Gomez, Group Accounting director<\/li>\n<li>14h50 &#8211; <a href=\"https:\/\/www.xbrlfrance.org\/wp-content\/uploads\/2021\/04\/5-EFFAS_Position_Paper_on_ESEF_August_2018.pdf\">Le point de vue des analystes financiers en France SFAF et CFA<\/a> &#8211; Nicolas d&#8217;Hautefeuille SFAF et Bruno Tesni\u00e8re XBRL France<\/li>\n<li>15h00 &#8211; <a href=\"https:\/\/www.xbrlfrance.org\/wp-content\/uploads\/2021\/04\/6-28-avril_Template-XBRL-France_CORPORATINGS_Alexandre_Prat-Fourcade.pdf\">Pr\u00e9sentation sur l&#8217;Utilisation possible des donn\u00e9es<\/a> &#8211; Start up Corporatings Alexandre Prat-Fourcade, Cyril Manssens, Marc Houllier<\/li>\n<li>15h10 &#8211; Conclusion<\/li>\n<\/ul>\n<\/li>\n<li>15h10 &#8211; Pause<\/li>\n<li>15h30 &#8211; <a href=\"https:\/\/www.xbrlfrance.org\/wp-content\/uploads\/2021\/04\/7-2nd-Part28-avril_Panel-questions.pdf\">Q&amp;A et table ronde<\/a> 45\u2019 anim\u00e9e par Camille Dauvergne, CtrlPrint et Pierre Hamon, AMANA et Gilles Maguet<\/li>\n<li>16h15 &#8211; <a href=\"https:\/\/www.xbrlfrance.org\/wp-content\/uploads\/2021\/04\/8-ConclusionsXBRL-FRANCE-28-avril-27th_V2.pdf\">Fin de l&#8217;\u00e9v\u00e9nement XBRL France sur les 1\u00e8res remises ESEF<\/a><\/li>\n<\/ul>\n<h4>&nbsp;<\/h4>\n<h2 style=\"text-align: left;\">Voir la vid\u00e9o ci-dessous<\/h2>\n<p style=\"text-align: center;\">&nbsp;<\/p>\n\n\n\n<figure class=\"wp-block-video\"><video height=\"1080\" style=\"aspect-ratio: 1920 \/ 1080;\" width=\"1920\" controls src=\"https:\/\/www.xbrlfrance.org\/wp-content\/uploads\/2021\/04\/Ev\u00e9nement num\u00e9rique XBRL France, 1\u00e8res remises ESEF - 28 Avril 13h45 - 16h15, 27\u00e8me semaine num\u00e9rique XBRL Europe sur ESEF.mp4\"><\/video><\/figure>\n\n\n","protected":false},"excerpt":{"rendered":"","protected":false},"author":1,"featured_media":0,"comment_status":"open","ping_status":"open","sticky":false,"template":"","format":"standard","meta":{"footnotes":""},"categories":[1],"tags":[],"class_list":["post-1379","post","type-post","status-publish","format-standard","hentry","category-non-classe"],"_links":{"self":[{"href":"https:\/\/www.xbrlfrance.org\/index.php?rest_route=\/wp\/v2\/posts\/1379","targetHints":{"allow":["GET"]}}],"collection":[{"href":"https:\/\/www.xbrlfrance.org\/index.php?rest_route=\/wp\/v2\/posts"}],"about":[{"href":"https:\/\/www.xbrlfrance.org\/index.php?rest_route=\/wp\/v2\/types\/post"}],"author":[{"embeddable":true,"href":"https:\/\/www.xbrlfrance.org\/index.php?rest_route=\/wp\/v2\/users\/1"}],"replies":[{"embeddable":true,"href":"https:\/\/www.xbrlfrance.org\/index.php?rest_route=%2Fwp%2Fv2%2Fcomments&post=1379"}],"version-history":[{"count":35,"href":"https:\/\/www.xbrlfrance.org\/index.php?rest_route=\/wp\/v2\/posts\/1379\/revisions"}],"predecessor-version":[{"id":1850,"href":"https:\/\/www.xbrlfrance.org\/index.php?rest_route=\/wp\/v2\/posts\/1379\/revisions\/1850"}],"wp:attachment":[{"href":"https:\/\/www.xbrlfrance.org\/index.php?rest_route=%2Fwp%2Fv2%2Fmedia&parent=1379"}],"wp:term":[{"taxonomy":"category","embeddable":true,"href":"https:\/\/www.xbrlfrance.org\/index.php?rest_route=%2Fwp%2Fv2%2Fcategories&post=1379"},{"taxonomy":"post_tag","embeddable":true,"href":"https:\/\/www.xbrlfrance.org\/index.php?rest_route=%2Fwp%2Fv2%2Ftags&post=1379"}],"curies":[{"name":"wp","href":"https:\/\/api.w.org\/{rel}","templated":true}]}}