{"id":2233,"date":"2023-10-16T15:23:24","date_gmt":"2023-10-16T13:23:24","guid":{"rendered":"https:\/\/www.xbrlfrance.org\/?p=2233"},"modified":"2023-12-26T14:20:29","modified_gmt":"2023-12-26T13:20:29","slug":"esef-retour-dexperience-et-evolutions-pour-2024-9h30-a-11h","status":"publish","type":"post","link":"https:\/\/www.xbrlfrance.org\/?p=2233","title":{"rendered":"ESEF \u2013 retour d\u2019exp\u00e9rience et \u00e9volutions pour 2024 &#8211; 11h30 \u00e0 13h"},"content":{"rendered":"\n<ul>\n<li>Introduction &#8211; <a href=\"https:\/\/www.xbrlfrance.org\/wp-content\/uploads\/2023\/10\/0-2023_12_11_conf-XBRL-FR_PPT-ESEF-INTRO.pdf\">Programme de la session<\/a>\u00a0 \u00a0 \u00a0<a href=\"https:\/\/www.xbrlfrance.org\/wp-content\/uploads\/2023\/10\/0-2023_12_11_conf-XBRL-FR_PPT-ESEF-INTRO.pdf\"><img loading=\"lazy\" decoding=\"async\" class=\"alignnone  wp-image-2579\" src=\"https:\/\/www.xbrlfrance.org\/wp-content\/uploads\/2023\/10\/Adobe_Acrobat.png\" alt=\"\" width=\"45\" height=\"45\" srcset=\"https:\/\/www.xbrlfrance.org\/wp-content\/uploads\/2023\/10\/Adobe_Acrobat.png 256w, https:\/\/www.xbrlfrance.org\/wp-content\/uploads\/2023\/10\/Adobe_Acrobat-150x150.png 150w, https:\/\/www.xbrlfrance.org\/wp-content\/uploads\/2023\/10\/Adobe_Acrobat-46x46.png 46w\" sizes=\"auto, (max-width: 45px) 100vw, 45px\" \/><\/a><\/li>\n<li>11h30-11h50 &#8211; Point sur ESEF, <a href=\"https:\/\/www.xbrlfrance.org\/wp-content\/uploads\/2023\/10\/1-Conference-XBRL-France-11122023.pdf\">Travaux de l&#8217;AMF<\/a> et de <a href=\"https:\/\/www.xbrlfrance.org\/wp-content\/uploads\/2023\/10\/1-ESMA32-2009130576-2457-ESMA-upcoming-work-ESEF-RTS-updates.pdf\">l&#8217;ESMA<\/a> (Yazid Boumala, AMF <a href=\"https:\/\/www.xbrlfrance.org\/wp-content\/uploads\/2023\/10\/1-Conference-XBRL-France-11122023.pdf\"><img loading=\"lazy\" decoding=\"async\" class=\"alignnone  wp-image-2579\" src=\"https:\/\/www.xbrlfrance.org\/wp-content\/uploads\/2023\/10\/Adobe_Acrobat.png\" alt=\"\" width=\"45\" height=\"45\" srcset=\"https:\/\/www.xbrlfrance.org\/wp-content\/uploads\/2023\/10\/Adobe_Acrobat.png 256w, https:\/\/www.xbrlfrance.org\/wp-content\/uploads\/2023\/10\/Adobe_Acrobat-150x150.png 150w, https:\/\/www.xbrlfrance.org\/wp-content\/uploads\/2023\/10\/Adobe_Acrobat-46x46.png 46w\" sizes=\"auto, (max-width: 45px) 100vw, 45px\" \/><\/a> <a href=\"https:\/\/www.xbrlfrance.org\/wp-content\/uploads\/2023\/10\/CONFERENCE-ANNUELLE-XBRL-2.1_Yazid-Bourmala-Trim.mp4\"><img loading=\"lazy\" decoding=\"async\" class=\"alignnone size-full wp-image-2644\" src=\"https:\/\/www.xbrlfrance.org\/wp-content\/uploads\/2023\/10\/video-46x46-2.jpg\" alt=\"\" width=\"46\" height=\"46\" \/><\/a> &amp; Eduardo Moral Prieto Senior Officer ESMA) <a href=\"https:\/\/www.xbrlfrance.org\/wp-content\/uploads\/2023\/10\/1-ESMA32-2009130576-2457-ESMA-upcoming-work-ESEF-RTS-updates.pdf\"><img loading=\"lazy\" decoding=\"async\" class=\"alignnone  wp-image-2579\" src=\"https:\/\/www.xbrlfrance.org\/wp-content\/uploads\/2023\/10\/Adobe_Acrobat.png\" alt=\"\" width=\"46\" height=\"46\" srcset=\"https:\/\/www.xbrlfrance.org\/wp-content\/uploads\/2023\/10\/Adobe_Acrobat.png 256w, https:\/\/www.xbrlfrance.org\/wp-content\/uploads\/2023\/10\/Adobe_Acrobat-150x150.png 150w, https:\/\/www.xbrlfrance.org\/wp-content\/uploads\/2023\/10\/Adobe_Acrobat-46x46.png 46w\" sizes=\"auto, (max-width: 46px) 100vw, 46px\" \/><\/a>\u00a0 \u00a0 <a href=\"https:\/\/www.xbrlfrance.org\/wp-content\/uploads\/2023\/12\/CONFERENCE-ANNUELLE-XBRL_2.2-ESMA_Eduardo-Moral-Prieto-Senior.mp4\"><img loading=\"lazy\" decoding=\"async\" class=\"alignnone size-full wp-image-2644\" src=\"https:\/\/www.xbrlfrance.org\/wp-content\/uploads\/2023\/10\/video-46x46-2.jpg\" alt=\"\" width=\"46\" height=\"46\" \/><\/a><\/li>\n<li>11h50-12h05 &#8211; <a href=\"https:\/\/www.xbrlfrance.org\/wp-content\/uploads\/2023\/10\/2-2023_12_11_conf-XBRL-FR_PPT-ESEF-Verdin-Edenred.pdf\">Enjeux 2024 : Pr\u00e9paration<\/a>, Thomas Verdin (XBRL France, BM&amp;A), B\u00e9n\u00e9dicte Filly et Rapha\u00ebl Hersemeule <a href=\"https:\/\/www.xbrlfrance.org\/wp-content\/uploads\/2023\/10\/2-2023_12_11_conf-XBRL-FR_PPT-ESEF-Verdin-Edenred.pdf\"><img loading=\"lazy\" decoding=\"async\" class=\"alignnone  wp-image-2579\" src=\"https:\/\/www.xbrlfrance.org\/wp-content\/uploads\/2023\/10\/Adobe_Acrobat.png\" alt=\"\" width=\"45\" height=\"45\" srcset=\"https:\/\/www.xbrlfrance.org\/wp-content\/uploads\/2023\/10\/Adobe_Acrobat.png 256w, https:\/\/www.xbrlfrance.org\/wp-content\/uploads\/2023\/10\/Adobe_Acrobat-150x150.png 150w, https:\/\/www.xbrlfrance.org\/wp-content\/uploads\/2023\/10\/Adobe_Acrobat-46x46.png 46w\" sizes=\"auto, (max-width: 45px) 100vw, 45px\" \/><\/a>\u00a0\u00a0\u00a0\u00a0\u00a0\u00a0 <a href=\"https:\/\/www.xbrlfrance.org\/wp-content\/uploads\/2023\/10\/CONFERENCE-ANNUELLE-XBRL_2.3_Verdin_Filly_Hersemeule_Enjeux-2024.mp4\"><img loading=\"lazy\" decoding=\"async\" class=\"alignnone size-full wp-image-2644\" src=\"https:\/\/www.xbrlfrance.org\/wp-content\/uploads\/2023\/10\/video-46x46-2.jpg\" alt=\"\" width=\"46\" height=\"46\" \/><\/a><\/li>\n<li>12h05-12h20 &#8211; <a href=\"https:\/\/www.xbrlfrance.org\/wp-content\/uploads\/2023\/10\/3-2023_12_11_conf-XBRL-FR_PPT-Montagnier-Tesniere.pdf\">Enjeux 2024 : Audit<\/a>, Bruno Tesni\u00e8re (CNCC), Astrid Montagnier (XBRL France, KPMG) <a href=\"https:\/\/www.xbrlfrance.org\/wp-content\/uploads\/2023\/10\/3-2023_12_11_conf-XBRL-FR_PPT-Montagnier-Tesniere.pdf\"><img loading=\"lazy\" decoding=\"async\" class=\"alignnone  wp-image-2579\" src=\"https:\/\/www.xbrlfrance.org\/wp-content\/uploads\/2023\/10\/Adobe_Acrobat.png\" alt=\"\" width=\"45\" height=\"45\" srcset=\"https:\/\/www.xbrlfrance.org\/wp-content\/uploads\/2023\/10\/Adobe_Acrobat.png 256w, https:\/\/www.xbrlfrance.org\/wp-content\/uploads\/2023\/10\/Adobe_Acrobat-150x150.png 150w, https:\/\/www.xbrlfrance.org\/wp-content\/uploads\/2023\/10\/Adobe_Acrobat-46x46.png 46w\" sizes=\"auto, (max-width: 45px) 100vw, 45px\" \/><\/a>\u00a0 \u00a0PARTIE 1 <a href=\"https:\/\/www.xbrlfrance.org\/wp-content\/uploads\/2023\/10\/CONFERENCE-ANNUELLE-XBRL-2.4_Tesniere_Montagnier_Enjeux-2024_Audit_PART-ONE.mp4\"><img loading=\"lazy\" decoding=\"async\" class=\"alignnone size-full wp-image-2644\" src=\"https:\/\/www.xbrlfrance.org\/wp-content\/uploads\/2023\/10\/video-46x46-2.jpg\" alt=\"\" width=\"46\" height=\"46\" \/><\/a>\u00a0 PARTIE 2 <a href=\"https:\/\/www.xbrlfrance.org\/wp-content\/uploads\/2023\/10\/CONFERENCE-ANNUELLE-XBRL-2.4_Tesniere_Montagnier_Enjeux-2024_Audit_PART-TWO.mp4\"><img loading=\"lazy\" decoding=\"async\" class=\"alignnone size-full wp-image-2644\" src=\"https:\/\/www.xbrlfrance.org\/wp-content\/uploads\/2023\/10\/video-46x46-2.jpg\" alt=\"\" width=\"46\" height=\"46\" \/><\/a><\/li>\n<li>12h20-12h40 &#8211; <a href=\"https:\/\/www.xbrlfrance.org\/wp-content\/uploads\/2023\/10\/4-Quality.pdf\">Retours sur les remises 2023<\/a>, Pierre Hamon (XBRL France, AMANA France), Matthieu Garat (XBRL France, Labrador) <a href=\"https:\/\/www.xbrlfrance.org\/wp-content\/uploads\/2023\/10\/4-Quality.pdf\"><img loading=\"lazy\" decoding=\"async\" class=\"alignnone  wp-image-2579\" src=\"https:\/\/www.xbrlfrance.org\/wp-content\/uploads\/2023\/10\/Adobe_Acrobat.png\" alt=\"\" width=\"46\" height=\"46\" srcset=\"https:\/\/www.xbrlfrance.org\/wp-content\/uploads\/2023\/10\/Adobe_Acrobat.png 256w, https:\/\/www.xbrlfrance.org\/wp-content\/uploads\/2023\/10\/Adobe_Acrobat-150x150.png 150w, https:\/\/www.xbrlfrance.org\/wp-content\/uploads\/2023\/10\/Adobe_Acrobat-46x46.png 46w\" sizes=\"auto, (max-width: 46px) 100vw, 46px\" \/><\/a>\u00a0 \u00a0Partie Pierre Hamon\u00a0 <a href=\"https:\/\/www.xbrlfrance.org\/wp-content\/uploads\/2023\/10\/CONFERENCE-ANNUELLE-XBRL-2.5_Hamon_Amana_Qualite-des-donnees.mp4\"><img loading=\"lazy\" decoding=\"async\" class=\"alignnone size-full wp-image-2644\" src=\"https:\/\/www.xbrlfrance.org\/wp-content\/uploads\/2023\/10\/video-46x46-2.jpg\" alt=\"\" width=\"46\" height=\"46\" \/><\/a> Partie Matthieu Garat <a href=\"https:\/\/www.xbrlfrance.org\/wp-content\/uploads\/2023\/10\/CONFERENCE-ANNUELLE-XBRL-2.5_Garat_Labrador_Qualite-des-donnees.mp4\"><img loading=\"lazy\" decoding=\"async\" class=\"alignnone size-full wp-image-2644\" src=\"https:\/\/www.xbrlfrance.org\/wp-content\/uploads\/2023\/10\/video-46x46-2.jpg\" alt=\"\" width=\"46\" height=\"46\" \/><\/a><\/li>\n<li>12h40-13h00 &#8211; Parole aux analystes, dialogue avec Alexandre Prat-Fourcade, CFA (XBRL France, Corporatings) et Boris Bourdet, CFA (Equity Insights) PARTIE 1 <a href=\"https:\/\/www.xbrlfrance.org\/wp-content\/uploads\/2023\/10\/CONFERENCE-ANNUELLE-XBRL-2.6-Fourcade_Bourdet_retour-experience-2024_PART-ONE.mp4\"><img loading=\"lazy\" decoding=\"async\" class=\"alignnone size-full wp-image-2644\" src=\"https:\/\/www.xbrlfrance.org\/wp-content\/uploads\/2023\/10\/video-46x46-2.jpg\" alt=\"\" width=\"46\" height=\"46\" \/><\/a> PARTIE 2\u00a0 <a href=\"https:\/\/www.xbrlfrance.org\/wp-content\/uploads\/2023\/10\/CONFERENCE-ANNUELLE-XBRL-2.6-Fourcade_Bourdet_retour-experience-2024_PART-TWO.mp4\"><img loading=\"lazy\" decoding=\"async\" class=\"alignnone size-full wp-image-2644\" src=\"https:\/\/www.xbrlfrance.org\/wp-content\/uploads\/2023\/10\/video-46x46-2.jpg\" alt=\"\" width=\"46\" height=\"46\" \/><\/a><\/li>\n<\/ul>\n\n\n\n<p><img loading=\"lazy\" decoding=\"async\" class=\"alignnone  wp-image-2373\" src=\"https:\/\/www.xbrlfrance.org\/wp-content\/uploads\/2023\/10\/ESEF-1.png\" alt=\"\" width=\"499\" height=\"180\" srcset=\"https:\/\/www.xbrlfrance.org\/wp-content\/uploads\/2023\/10\/ESEF-1.png 1277w, https:\/\/www.xbrlfrance.org\/wp-content\/uploads\/2023\/10\/ESEF-1-300x108.png 300w, https:\/\/www.xbrlfrance.org\/wp-content\/uploads\/2023\/10\/ESEF-1-1024x370.png 1024w, https:\/\/www.xbrlfrance.org\/wp-content\/uploads\/2023\/10\/ESEF-1-768x277.png 768w, https:\/\/www.xbrlfrance.org\/wp-content\/uploads\/2023\/10\/ESEF-1-620x224.png 620w\" sizes=\"auto, (max-width: 499px) 100vw, 499px\" \/><\/p>\n<p>\u00a0<\/p>\n<table style=\"width: 100%;\">\n<tbody>\n<tr>\n<td style=\"width: 21.7857%;\">\n<p><strong>Mod\u00e9ratrice: <br \/><\/strong><strong>Astrid Montagnier<br \/><\/strong><strong>KPMG<\/strong><\/p>\n<p><img loading=\"lazy\" decoding=\"async\" class=\"aligncenter\" src=\"https:\/\/www.xbrlfrance.org\/wp-content\/uploads\/2023\/11\/A-Montagnier.jpg\" alt=\"\" width=\"117\" height=\"165\" \/><\/p>\n<\/td>\n<td style=\"width: 77.5%;\">\n<p>Astrid Montagnier est Associ\u00e9e de KPMG France au sein du d\u00e9partement Global Assurance Normes comptables et reporting. Elle m\u00e8ne des missions d\u2019assistance \u00e0 la mise en \u0153uvre des normes comptables internationales dans le cadre de changements de normes ou de transactions complexes. Elle porte les sujets de reporting \u00e9lectronique pour KPMG France, participe au groupe ESEF de la CNCC et co-pilote le groupe de travail Mapping ESEF d\u2019XBRL France. Astrid est expert-comptable et dipl\u00f4m\u00e9e de l\u2019EM Lyon. <a href=\"https:\/\/www.linkedin.com\/in\/astridmontagnier\" target=\"_blank\" rel=\"noopener\"><img decoding=\"async\" src=\"https:\/\/www.xbrlfrance.org\/wp-content\/uploads\/2023\/11\/in.png\" \/><\/a><\/p>\n<\/td>\n<\/tr>\n<\/tbody>\n<\/table>\n<table style=\"width: 100%;\">\n<tbody>\n<tr>\n<td style=\"width: 21.7857%;\">\n<p><strong>Mod\u00e9rateur: <br \/><\/strong><strong>Thomas Verdin<br \/><\/strong><strong>BM&amp;A TESH Advice<\/strong><\/p>\n<p><img decoding=\"async\" class=\"aligncenter\" src=\"https:\/\/www.xbrleurope.org\/wp-content\/uploads\/2022\/06\/TV.jpg\" alt=\"\" \/><\/p>\n<\/td>\n<td style=\"width: 77.5%;\">\n<p>Thomas Verdin est Vice-Pr\u00e9sident de XBRL Europe et membre actif au sein de XBRL UK et XBRL France. Il co-pilote le groupe de travail Mapping ESEF en France. Thomas est Directeur du hub londonnien de BM&amp;A et CEO de TESH Advice, accompagnant les entreprises, banques et soci\u00e9tes d&#8217;assurances dans leurs obligations de reporting financier, prudentiel et ESG avec XBRL. Thomas est dipl\u00f4m\u00e9 de l&#8217;Ecole Centrale Paris et de l&#8217;Ecole Polytechnique de Bruxelles, et d&#8217;un MBA du Coll\u00e8ge des Ing\u00e9nieurs (Paris-Stuttgart-Montreal). <a href=\"https:\/\/www.linkedin.com\/in\/thomasverdin\" target=\"_blank\" rel=\"noopener\"><img decoding=\"async\" src=\"https:\/\/www.xbrlfrance.org\/wp-content\/uploads\/2023\/11\/in.png\" \/><\/a><\/p>\n<\/td>\n<\/tr>\n<tr>\n<td style=\"width: 21.7857%;\">\n<p><strong>Speaker :<br \/>Yazid Boumala<br \/>AMF<br \/><\/strong><\/p>\n<p><img loading=\"lazy\" decoding=\"async\" class=\" wp-image-2522 aligncenter\" src=\"https:\/\/www.xbrlfrance.org\/wp-content\/uploads\/2023\/12\/1517395891100.jpg\" alt=\"\" width=\"129\" height=\"129\" srcset=\"https:\/\/www.xbrlfrance.org\/wp-content\/uploads\/2023\/12\/1517395891100.jpg 400w, https:\/\/www.xbrlfrance.org\/wp-content\/uploads\/2023\/12\/1517395891100-300x300.jpg 300w, https:\/\/www.xbrlfrance.org\/wp-content\/uploads\/2023\/12\/1517395891100-150x150.jpg 150w, https:\/\/www.xbrlfrance.org\/wp-content\/uploads\/2023\/12\/1517395891100-46x46.jpg 46w\" sizes=\"auto, (max-width: 129px) 100vw, 129px\" \/><\/p>\n<\/td>\n<td style=\"width: 77.5%;\">\n<p>Yazid Boumala est charg\u00e9 de mission senior au sein de la direction des affaires comptable de l\u2019autorit\u00e9 des march\u00e9s financiers (AMF). Les actions de la direction des affaires comptable ont pour objectif de s&#8217;assurer de la correcte application des normes comptables dans les \u00e9tats financiers et de contribuer ainsi \u00e0 l&#8217;am\u00e9lioration de la qualit\u00e9 de l&#8217;information financi\u00e8re des soci\u00e9t\u00e9s cot\u00e9es. Yazid contribue \u00e9galement aux travaux de normalisation comptable au niveau national et international et participe au groupe ESEF de l\u2019ESMA et au groupe de travail Mapping ESEF d\u2019XBRL France. Il est dipl\u00f4m\u00e9 de l\u2019universit\u00e9 Paris 1 Panth\u00e9on Sorbonne.<\/p>\n<\/td>\n<\/tr>\n<tr>\n<td style=\"width: 21.7857%;\">\n<p><strong>Speaker : <br \/>Eduardo Moral Prieto<br \/>ESMA<br \/><\/strong><\/p>\n<p><img loading=\"lazy\" decoding=\"async\" class=\" wp-image-2517 aligncenter\" src=\"https:\/\/www.xbrlfrance.org\/wp-content\/uploads\/2023\/12\/Eduardo-Moral_-002.jpg\" alt=\"\" width=\"125\" height=\"165\" \/><\/p>\n<\/td>\n<td style=\"width: 77.5%;\">\n<p>Eduardo Moral travaille en tant que responsable principal des politiques \u00e0 l&#8217;Autorit\u00e9 europ\u00e9enne des march\u00e9s financiers (ESMA) sur des sujets li\u00e9s \u00e0 l&#8217;audit, au reporting d&#8217;entreprise, aux agences de notation de cr\u00e9dit (CRA) et \u00e0 la titrisation depuis 2013. Eduardo travaille actuellement \u00e0 la mise en \u0153uvre du format \u00e9lectronique unique europ\u00e9en (ESEF), des propositions l\u00e9gislatives sur le point d&#8217;acc\u00e8s unique europ\u00e9en (ESAP), de l&#8217;article 8 du r\u00e8glement sur la taxonomie et de la num\u00e9risation des informations de durabilit\u00e9. Auparavant, il a travaill\u00e9 pendant six ans \u00e0 la Commission europ\u00e9enne \u2013 DG FISMA, CRA et Unit\u00e9 d&#8217;audit \u2013 o\u00f9 il a particip\u00e9 \u00e0 l&#8217;\u00e9laboration de l&#8217;CRA3 et du r\u00e8glement sur l&#8217;audit, ainsi qu&#8217;\u00e0 la mise en place du r\u00e9gime d&#8217;\u00e9quivalence et de la coop\u00e9ration avec les organes de surveillance des auditeurs de pays tiers. De nationalit\u00e9 espagnole, Eduardo a commenc\u00e9 sa carri\u00e8re en tant que superviseur au sein de l&#8217;autorit\u00e9 espagnole de surveillance des commissaires aux comptes (ICAC) et, auparavant, pour les organismes d&#8217;assurance et les fonds de pension (DGSFP). Il est titulaire d&#8217;une ma\u00eetrise en droit et en \u00e9conomie de l&#8217;Universit\u00e9 de Deusto \u00e0 Bilbao.<\/p>\n<\/td>\n<\/tr>\n<tr>\n<td style=\"width: 21.7857%;\">\n<p><strong>T\u00e9moin : <br \/>B\u00e9n\u00e9dicte Filly<br \/>Edenred<\/strong><\/p>\n<p><img loading=\"lazy\" decoding=\"async\" class=\"alignnone  aligncenter\" src=\"https:\/\/www.xbrlfrance.org\/wp-content\/uploads\/2023\/12\/Benedicte-Filly.jpg\" width=\"142\" height=\"142\" \/><\/p>\n<\/td>\n<td style=\"width: 77.5%;\">\n<p>Analyste consolideur chez Edenred, B\u00e9n\u00e9dicte Filly intervient dans la pr\u00e9paration des rapports ESEF depuis 2021 et est membre du groupe de travail Mapping ESEF XBRL France. Pr\u00e9alablement, B\u00e9n\u00e9dicte a \u00e9t\u00e9 contr\u00f4leuse de gestion chez Nestl\u00e9 et responsable consolidation chez Lagard\u00e8re Travel Retail et Baccarat.<\/p>\n<\/td>\n<\/tr>\n<tr>\n<td style=\"width: 21.7857%;\">\n<p><strong>T\u00e9moin :<br \/>Rapha\u00ebl Hersmeule<br \/>Edenred<\/strong><\/p>\n<p><img loading=\"lazy\" decoding=\"async\" class=\"aligncenter\" src=\"https:\/\/www.xbrlfrance.org\/wp-content\/uploads\/2023\/12\/EDNRD-20230412-96-scaled.jpg\" width=\"109\" height=\"163\" \/><\/p>\n<\/td>\n<td style=\"width: 77.5%;\">\n<p>Analyste consolideur chez Edenred, Rapha\u00eb Hersemeule intervient dans la pr\u00e9paration des rapports ESEF depuis 2021 et est membre du groupe de travail Mapping ESEF XBRL France.\u00a0<\/p>\n<\/td>\n<\/tr>\n<tr>\n<td style=\"width: 21.7857%;\">\n<p><strong>Speaker :<br \/>Bruno Tesni\u00e8re<br \/>XBRL France<\/strong><\/p>\n<p style=\"text-align: center;\"><img loading=\"lazy\" decoding=\"async\" class=\"alignnone \" src=\"https:\/\/www.xbrlfrance.org\/wp-content\/uploads\/2023\/12\/B-Tesniere-scaled.jpg\" width=\"137\" height=\"209\" \/><\/p>\n<\/td>\n<td style=\"width: 77.5%;\">\n<p>Bruno Tesni\u00e8re est commissaire aux comptes et a \u00e9t\u00e9 associ\u00e9 de PwC. Il est impliqu\u00e9 depuis la fin des ann\u00e9es 90 dans le d\u00e9veloppement du standard XBRL et est actuellement pr\u00e9sident d\u2019XBRL Europe et vice-pr\u00e9sident d\u2019XBRL France. Il est \u00e9galement conseiller technique aupr\u00e8s de la repr\u00e9sentante fran\u00e7aise au Board de l&#8217;IESBA.<\/p>\n<\/td>\n<\/tr>\n<tr>\n<td style=\"width: 21.7857%;\">\n<p><strong>Speaker :<br \/>Matthieu Garat<br \/>Labrador<\/strong><\/p>\n<p style=\"text-align: center;\"><img loading=\"lazy\" decoding=\"async\" class=\"alignnone \" src=\"https:\/\/www.xbrlfrance.org\/wp-content\/uploads\/2023\/12\/Matthieu-GARAT-37-scaled.jpg\" width=\"117\" height=\"175\" \/><\/p>\n<\/td>\n<td style=\"width: 77.5%;\">\n<p>Matthieu Garat est directeur digital et membre du comit\u00e9 de direction au sein de l\u2019agence Labrador. Il est en charge des publications ESEF, ainsi que de l\u2019ensemble des diff\u00e9rentes versions digitales produites. Il est membre de XBRL France\/Europe, et co-pilote le working group ESG en Europe.<\/p>\n<p>Matthieu est dipl\u00f4m\u00e9 de l\u2019ENSAAMA en design et de Paris VIII en art et technologie de l\u2019image<\/p>\n<\/td>\n<\/tr>\n<tr>\n<td style=\"width: 21.7857%;\">\n<p><strong>Speaker :<\/strong><br \/><strong>Pierre Hamon<\/strong><br \/><strong>etXetera<\/strong><\/p>\n<p><img loading=\"lazy\" decoding=\"async\" class=\"aligncenter\" src=\"https:\/\/www.xbrlfrance.org\/wp-content\/uploads\/2019\/10\/Hamon_Pierre_formation-212x300.jpg\" width=\"137\" height=\"194\" \/><\/p>\n<\/td>\n<td style=\"width: 77.5%;\">\n<p>Pierre Hamon\u00a0est Expert-comptable dipl\u00f4m\u00e9, g\u00e9rant unique de etXetera et membre du conseil d\u2019administration de XBRL France. Sp\u00e9cialiste de la technologie XBRL depuis dix ans, son exp\u00e9rience couvre les divers aspects de la mise en \u0153uvre des reporting XBRL. Il est auteur de taxonomies en France et pour un r\u00e9gulateur bancaire \u00e9tranger, utilisateur de plusieurs outils sp\u00e9cifalis\u00e9s et contributeur de diff\u00e9rents\u00a0groupes de travail pour XBRL Europe (Best practice group) et pour XBRL International (taxonomy recognition, IGTF, ESDTF).<\/p>\n<p>Pierre Hamon a exerc\u00e9 une carri\u00e8re d\u2019auditeur dans la firme Ernst &amp; Young et une carri\u00e8re de directeur chez Cartesis, \u00e9diteur de solutions de Business Management.<\/p>\n<\/td>\n<\/tr>\n<tr>\n<td style=\"width: 21.7857%;\">\n<p><strong>Speaker : <br \/>Alexandre Prat Fourcade<br \/>Corporatings<\/strong><\/p>\n<p><strong> <img loading=\"lazy\" decoding=\"async\" class=\" wp-image-2498 aligncenter\" src=\"https:\/\/www.xbrlfrance.org\/wp-content\/uploads\/2023\/12\/AlexandrePratFourcade.jpg\" alt=\"\" width=\"139\" height=\"139\" srcset=\"https:\/\/www.xbrlfrance.org\/wp-content\/uploads\/2023\/12\/AlexandrePratFourcade.jpg 400w, https:\/\/www.xbrlfrance.org\/wp-content\/uploads\/2023\/12\/AlexandrePratFourcade-300x300.jpg 300w, https:\/\/www.xbrlfrance.org\/wp-content\/uploads\/2023\/12\/AlexandrePratFourcade-150x150.jpg 150w, https:\/\/www.xbrlfrance.org\/wp-content\/uploads\/2023\/12\/AlexandrePratFourcade-46x46.jpg 46w\" sizes=\"auto, (max-width: 139px) 100vw, 139px\" \/><\/strong><\/p>\n<\/td>\n<td style=\"width: 77.5%;\">\n<p>Alexandre Prat-Fourcade est cofondateur et CEO de Corporatings, une soci\u00e9t\u00e9 innovante visant la mise \u00e0 disposition et l\u2019exploitation des donn\u00e9es XBRL. Il m\u00e8ne notamment des travaux visant \u00e0 faciliter l\u2019acc\u00e8s et la manipulation des donn\u00e9es par les analystes dans le cadre de la digitalisation du m\u00e9tier de l\u2019analyste. Il porte les sujets de reporting \u00e9lectronique aupr\u00e8s des associations financi\u00e8res et pilote le groupe de travail analyse des donn\u00e9es d\u2019XBRL France. Alexandre est membre de l\u2019association CFA Society France.<\/p>\n<\/td>\n<\/tr>\n<tr>\n<td style=\"width: 21.7857%;\">\n<p><strong>Speaker: <br \/>Boris Bourdet<br \/>EquitInsight<\/strong><\/p>\n<p><img loading=\"lazy\" decoding=\"async\" class=\"wp-image-2495 aligncenter\" src=\"https:\/\/www.xbrlfrance.org\/wp-content\/uploads\/2023\/12\/BorisBourdet.jpg\" alt=\"\" width=\"147\" height=\"147\" srcset=\"https:\/\/www.xbrlfrance.org\/wp-content\/uploads\/2023\/12\/BorisBourdet.jpg 400w, https:\/\/www.xbrlfrance.org\/wp-content\/uploads\/2023\/12\/BorisBourdet-300x300.jpg 300w, https:\/\/www.xbrlfrance.org\/wp-content\/uploads\/2023\/12\/BorisBourdet-150x150.jpg 150w, https:\/\/www.xbrlfrance.org\/wp-content\/uploads\/2023\/12\/BorisBourdet-46x46.jpg 46w\" sizes=\"auto, (max-width: 147px) 100vw, 147px\" \/><\/p>\n<\/td>\n<td style=\"width: 77.5%;\">\n<p>Boris Bourdet est analyse financier et fondateur de EquitInsight, une soci\u00e9t\u00e9 innovante visant \u00e0 faciliter le m\u00e9tier d\u2019analyste financier gr\u00e2ce \u00e0 la digitalisation. Il commence sa carri\u00e8re en tant qu\u2019auditeur avant de rejoindre le monde de l\u2019investissement actions au sein d\u2019une banque puis d\u2019une soci\u00e9t\u00e9 de gestion de portefeuilles.\u00a0Avec plus de 15 ans d\u2019exp\u00e9rience dans l\u2019analyse financi\u00e8re, il voit XBRL comme un potentiel levier technologique permettant la facilitation du travail de l\u2019analyste financier. Boris est membre de l\u2019association CFA Society France.<\/p>\n<\/td>\n<\/tr>\n<\/tbody>\n<\/table>\n","protected":false},"excerpt":{"rendered":"<p>Introduction &#8211; Programme de la session\u00a0 \u00a0 \u00a0 11h30-11h50 &#8211; Point sur ESEF, Travaux de l&#8217;AMF et de l&#8217;ESMA (Yazid Boumala, AMF &amp; Eduardo Moral Prieto Senior Officer ESMA) \u00a0 \u00a0 11h50-12h05 &#8211; Enjeux 2024 : Pr\u00e9paration, Thomas Verdin (XBRL France, BM&amp;A), B\u00e9n\u00e9dicte Filly et Rapha\u00ebl Hersemeule \u00a0\u00a0\u00a0\u00a0\u00a0\u00a0 12h05-12h20 &#8211; Enjeux 2024 : Audit, Bruno [&hellip;]<\/p>\n","protected":false},"author":1,"featured_media":0,"comment_status":"open","ping_status":"open","sticky":false,"template":"","format":"standard","meta":{"footnotes":""},"categories":[1],"tags":[],"class_list":["post-2233","post","type-post","status-publish","format-standard","hentry","category-non-classe"],"_links":{"self":[{"href":"https:\/\/www.xbrlfrance.org\/index.php?rest_route=\/wp\/v2\/posts\/2233","targetHints":{"allow":["GET"]}}],"collection":[{"href":"https:\/\/www.xbrlfrance.org\/index.php?rest_route=\/wp\/v2\/posts"}],"about":[{"href":"https:\/\/www.xbrlfrance.org\/index.php?rest_route=\/wp\/v2\/types\/post"}],"author":[{"embeddable":true,"href":"https:\/\/www.xbrlfrance.org\/index.php?rest_route=\/wp\/v2\/users\/1"}],"replies":[{"embeddable":true,"href":"https:\/\/www.xbrlfrance.org\/index.php?rest_route=%2Fwp%2Fv2%2Fcomments&post=2233"}],"version-history":[{"count":48,"href":"https:\/\/www.xbrlfrance.org\/index.php?rest_route=\/wp\/v2\/posts\/2233\/revisions"}],"predecessor-version":[{"id":2712,"href":"https:\/\/www.xbrlfrance.org\/index.php?rest_route=\/wp\/v2\/posts\/2233\/revisions\/2712"}],"wp:attachment":[{"href":"https:\/\/www.xbrlfrance.org\/index.php?rest_route=%2Fwp%2Fv2%2Fmedia&parent=2233"}],"wp:term":[{"taxonomy":"category","embeddable":true,"href":"https:\/\/www.xbrlfrance.org\/index.php?rest_route=%2Fwp%2Fv2%2Fcategories&post=2233"},{"taxonomy":"post_tag","embeddable":true,"href":"https:\/\/www.xbrlfrance.org\/index.php?rest_route=%2Fwp%2Fv2%2Ftags&post=2233"}],"curies":[{"name":"wp","href":"https:\/\/api.w.org\/{rel}","templated":true}]}}