{"id":262,"date":"2016-09-22T13:33:03","date_gmt":"2016-09-22T11:33:03","guid":{"rendered":"http:\/\/web.xbrlfrance.org\/?p=262"},"modified":"2016-09-22T13:33:03","modified_gmt":"2016-09-22T11:33:03","slug":"5-decembre-2016-conference-annuelle-xbrl-france-le-reporting-reglementaire","status":"publish","type":"post","link":"https:\/\/www.xbrlfrance.org\/?p=262","title":{"rendered":"5 d\u00e9cembre 2016 &#8211; Conf\u00e9rence Annuelle XBRL France : le reporting r\u00e9glementaire &#8211; Inscriptions ouvertes"},"content":{"rendered":"<p align=\"center\" style=\"text-align:center\"> \t&nbsp;<\/p>\n<p align=\"center\" style=\"text-align:center\"> \t<strong><span style=\"font-size:10.5pt; font-family:&quot;Arial&quot;,&quot;sans-serif&quot;;color:black\">L&#39;association XBRL France et XBRL Europe ont le plaisir<\/span><\/strong><\/p>\n<p align=\"center\" style=\"text-align:center\"> \t<strong><span style=\"font-size:10.5pt; font-family:&quot;Arial&quot;,&quot;sans-serif&quot;;color:black\">de vous informer que la conf&eacute;rence annuelle XBRL France se tiendra le <\/span><\/strong><span style=\"font-size:10.5pt; font-family:&quot;Arial&quot;,&quot;sans-serif&quot;;color:black\"><o:p><\/o:p><\/span><\/p>\n<p align=\"center\" style=\"text-align:center\"> \t<span style=\"font-size:18.0pt; font-family:&quot;Arial&quot;,&quot;sans-serif&quot;;color:black\">&nbsp; <\/span><span style=\"font-size:10.5pt;font-family:&quot;Arial&quot;,&quot;sans-serif&quot;;color:black\"><o:p><\/o:p><\/span><\/p>\n<p style=\"text-align: center;\"> \t<strong><span style=\"font-size:18.0pt; font-family:&quot;Arial&quot;,&quot;sans-serif&quot;;color:#003366\">LUNDI 5 DECEMBRE 2016<\/span><\/strong><\/p>\n<p style=\"text-align: center;\"> \t&nbsp;<\/p>\n<p style=\"text-align: center;\">\n<p> \t&nbsp;<\/p>\n<p style=\"text-align: center;\"> \t&nbsp;<\/p>\n<p align=\"center\" style=\"text-align:center\"> \t<strong><span style=\"font-size:13.5pt; font-family:&quot;Arial&quot;,&quot;sans-serif&quot;;color:#003366\">CONFERENCE ANNUELLE XBRL<\/span><\/strong><\/p>\n<p align=\"center\" style=\"text-align:center\"> \t<span style=\"font-size:10.5pt; font-family:&quot;Arial&quot;,&quot;sans-serif&quot;;color:#575353\">&nbsp;<\/span><strong><span style=\"font-size:10.5pt; font-family:&quot;Arial&quot;,&quot;sans-serif&quot;;color:#003366\">Reporting r&eacute;glementaire (CRR \/ CRD IV, Solvabilit&eacute; II, <\/span><\/strong><span style=\"font-size:10.5pt; font-family:&quot;Arial&quot;,&quot;sans-serif&quot;;color:#575353\"><o:p><\/o:p><\/span><\/p>\n<p align=\"center\" style=\"text-align:center\"> \t<strong><span style=\"font-size:10.5pt; font-family:&quot;Arial&quot;,&quot;sans-serif&quot;;color:#003366\">R&eacute;solution, March&eacute;s financiers, etc.)&nbsp;<\/span><\/strong><\/p>\n<p> \t&nbsp; &nbsp; &nbsp; <strong>Au programme :<\/strong><\/p>\n<ul>\n<li> \t\t<strong>Point d&rsquo;actualit&eacute;, retours d&rsquo;exp&eacute;rience sur les remises dans les secteurs bancaire et assurance et &eacute;volutions des directives et des reportings associ&eacute;s <\/strong><\/li>\n<li> \t\t<strong>Focus sur les nouveaut&eacute;s technologiques : XBRL, taxonomies,&nbsp;&nbsp;&laquo; blockchain&nbsp;&raquo;,&nbsp;&nbsp; signature &eacute;lectronique&hellip; <\/strong><\/li>\n<li> \t\t<strong>Vers une convergence des institutions et superviseurs nationaux et internationaux ?<\/strong><\/li>\n<li> \t\t<strong>Vers une &eacute;volution pour une fr&eacute;quence accrue, avec des donn&eacute;es moins agr&eacute;g&eacute;es&nbsp;<\/strong>&nbsp;<br \/> \t\t&nbsp;<br \/> \t\t&nbsp;<br \/> \t\t<em>&Eacute;clairage par des acteurs majeurs nationaux et europ&eacute;ens. Participation confirm&eacute;e notamment de Jean-Marc Isra&euml;l, Chef de la Division des statistiques mon&eacute;taires et financi&egrave;res de la BCE ; d&rsquo;Andreas Weller, Directeur des Syst&egrave;mes d&rsquo;Information, Autorit&eacute; bancaire europ&eacute;enne et de Thierry Bedoin, Directeur de l&rsquo;Organisation du Syst&egrave;me d&rsquo;information, Banque de France.<\/em><\/li>\n<\/ul>\n<p> \t&nbsp;<\/p>\n<p align=\"center\"> \t<span style=\"font-size:36px;\"><a href=\"https:\/\/xbrleuropeeurofiling.typeform.com\/to\/afTV9W\" target=\"_blank\"><span style=\"color: rgb(0, 0, 128);\"><strong>VOUS INSCRIRE !<\/strong><\/span><\/a><\/span><\/p>\n<p align=\"center\"> \t&nbsp;<\/p>\n<p align=\"center\"> \t<a href=\"http:\/\/web.xbrlfrance.org\/wp-content\/uploads\/2016\/09\/guide_2016_12_05_reporting_rglementaire.pdf\"><span style=\"color:#000080;\"><span style=\"font-size:36px;\"><strong>LE GUIDE PROGRAMME <\/strong><\/span><\/span><\/a><\/p>\n<p align=\"center\"> \t<a href=\"http:\/\/web.xbrlfrance.org\/wp-content\/uploads\/2016\/09\/guide_2016_12_05_reporting_rglementaire.pdf\"><span style=\"color:#000080;\"><span style=\"font-size:28px;\"><strong>24 pages pour tout savoir&nbsp;<\/strong><\/span><\/span><\/a><\/p>\n<p style=\"text-align: center;\"> \t&nbsp;<\/p>\n<p style=\"text-align: center;\"> \t<img loading=\"lazy\" decoding=\"async\" class=\" size-full wp-image-260\" alt=\"\" src=\"http:\/\/web.xbrlfrance.org\/wp-content\/uploads\/2016\/09\/Quand-rond-1_3.png\" width=\"172\" height=\"60\" \/><\/p>\n<p style=\"line-height: 1.3em; margin-top: 0px; margin-bottom: 0px; text-align: center;\"> \tLe Lundi 5 d&eacute;cembre 2016 de 8h30 &agrave; 17h30<\/p>\n<p> \t&nbsp;<br \/> \t&nbsp;<br \/> \t<img loading=\"lazy\" decoding=\"async\" class=\" size-full wp-image-261\" alt=\"\" src=\"http:\/\/web.xbrlfrance.org\/wp-content\/uploads\/2016\/09\/Ou-rond.1_3png.png\" width=\"172\" height=\"60\" \/><br \/> \tF&eacute;d&eacute;ration Nationale de la Mutualit&eacute; Fran&ccedil;aise<br \/> \t255 rue de Vaugirard &agrave; Paris 15&egrave;me&nbsp;<br \/> \tM&deg; Vaugirard<\/p>\n<p align=\"center\"> \t&nbsp;<\/p>\n<p align=\"center\" style=\"text-align:center\"> \t<span style=\"font-size:10.5pt;font-family:&quot;Arial&quot;,&quot;sans-serif&quot;; color:#575353\"><o:p><\/o:p><\/span><\/p>\n","protected":false},"excerpt":{"rendered":"<p>&nbsp; L&#39;association XBRL France et XBRL Europe ont le plaisir de vous informer que la conf&eacute;rence annuelle XBRL France se tiendra le &nbsp; LUNDI 5 DECEMBRE 2016 &nbsp; &nbsp; &nbsp; CONFERENCE ANNUELLE XBRL &nbsp;Reporting r&eacute;glementaire (CRR \/ CRD IV, Solvabilit&eacute; II, R&eacute;solution, March&eacute;s financiers, etc.)&nbsp; &nbsp; &nbsp; &nbsp; Au programme : Point d&rsquo;actualit&eacute;, retours d&rsquo;exp&eacute;rience [&hellip;]<\/p>\n","protected":false},"author":1,"featured_media":258,"comment_status":"open","ping_status":"open","sticky":false,"template":"","format":"standard","meta":{"footnotes":""},"categories":[27],"tags":[],"class_list":["post-262","post","type-post","status-publish","format-standard","has-post-thumbnail","hentry","category-dernieres-infos"],"_links":{"self":[{"href":"https:\/\/www.xbrlfrance.org\/index.php?rest_route=\/wp\/v2\/posts\/262","targetHints":{"allow":["GET"]}}],"collection":[{"href":"https:\/\/www.xbrlfrance.org\/index.php?rest_route=\/wp\/v2\/posts"}],"about":[{"href":"https:\/\/www.xbrlfrance.org\/index.php?rest_route=\/wp\/v2\/types\/post"}],"author":[{"embeddable":true,"href":"https:\/\/www.xbrlfrance.org\/index.php?rest_route=\/wp\/v2\/users\/1"}],"replies":[{"embeddable":true,"href":"https:\/\/www.xbrlfrance.org\/index.php?rest_route=%2Fwp%2Fv2%2Fcomments&post=262"}],"version-history":[{"count":0,"href":"https:\/\/www.xbrlfrance.org\/index.php?rest_route=\/wp\/v2\/posts\/262\/revisions"}],"wp:featuredmedia":[{"embeddable":true,"href":"https:\/\/www.xbrlfrance.org\/index.php?rest_route=\/wp\/v2\/media\/258"}],"wp:attachment":[{"href":"https:\/\/www.xbrlfrance.org\/index.php?rest_route=%2Fwp%2Fv2%2Fmedia&parent=262"}],"wp:term":[{"taxonomy":"category","embeddable":true,"href":"https:\/\/www.xbrlfrance.org\/index.php?rest_route=%2Fwp%2Fv2%2Fcategories&post=262"},{"taxonomy":"post_tag","embeddable":true,"href":"https:\/\/www.xbrlfrance.org\/index.php?rest_route=%2Fwp%2Fv2%2Ftags&post=262"}],"curies":[{"name":"wp","href":"https:\/\/api.w.org\/{rel}","templated":true}]}}