{"id":2837,"date":"2024-07-15T09:59:24","date_gmt":"2024-07-15T07:59:24","guid":{"rendered":"https:\/\/www.xbrlfrance.org\/?p=2837"},"modified":"2024-10-02T13:02:20","modified_gmt":"2024-10-02T11:02:20","slug":"1er-octobre-2024-webinaire-xbrl-france-preparation-des-comptes-pour-faciliter-leur-publication-digitale","status":"publish","type":"post","link":"https:\/\/www.xbrlfrance.org\/?p=2837","title":{"rendered":"1er octobre 2024 &#8211; Webinaire XBRL France : &#8220;Pr\u00e9paration du rapport financier IFRS pour faciliter sa publication digitale&#8221;"},"content":{"rendered":"\n<p style=\"margin: 0cm; line-height: 19.5pt;\"><img loading=\"lazy\" decoding=\"async\" class=\"alignnone size-full wp-image-2867\" src=\"https:\/\/www.xbrlfrance.org\/wp-content\/uploads\/2024\/07\/Webinaire-1er-octobre-2024.png\" alt=\"\" width=\"1325\" height=\"430\" srcset=\"https:\/\/www.xbrlfrance.org\/wp-content\/uploads\/2024\/07\/Webinaire-1er-octobre-2024.png 1325w, https:\/\/www.xbrlfrance.org\/wp-content\/uploads\/2024\/07\/Webinaire-1er-octobre-2024-300x97.png 300w, https:\/\/www.xbrlfrance.org\/wp-content\/uploads\/2024\/07\/Webinaire-1er-octobre-2024-1024x332.png 1024w, https:\/\/www.xbrlfrance.org\/wp-content\/uploads\/2024\/07\/Webinaire-1er-octobre-2024-768x249.png 768w, https:\/\/www.xbrlfrance.org\/wp-content\/uploads\/2024\/07\/Webinaire-1er-octobre-2024-620x201.png 620w\" sizes=\"auto, (max-width: 1325px) 100vw, 1325px\" \/><\/p>\n<p><strong>T\u00e9l\u00e9chargez<\/strong><\/p>\n<ul>\n<li><a href=\"https:\/\/www.xbrlfrance.org\/wp-content\/uploads\/2024\/07\/XBRL-FRANCE-20241001-PREPARATION-ETATS-FINANCIERS-DIGITAUX-V03.pdf\">la pr\u00e9sentation<\/a> <a href=\"https:\/\/www.xbrlfrance.org\/wp-content\/uploads\/2024\/07\/XBRL-FRANCE-20241001-PREPARATION-ETATS-FINANCIERS-DIGITAUX-V03.pdf\"><img loading=\"lazy\" decoding=\"async\" class=\"alignnone  wp-image-2579\" src=\"https:\/\/www.xbrlfrance.org\/wp-content\/uploads\/2023\/10\/Adobe_Acrobat.png\" alt=\"\" width=\"65\" height=\"65\" srcset=\"https:\/\/www.xbrlfrance.org\/wp-content\/uploads\/2023\/10\/Adobe_Acrobat.png 256w, https:\/\/www.xbrlfrance.org\/wp-content\/uploads\/2023\/10\/Adobe_Acrobat-150x150.png 150w, https:\/\/www.xbrlfrance.org\/wp-content\/uploads\/2023\/10\/Adobe_Acrobat-46x46.png 46w\" sizes=\"auto, (max-width: 65px) 100vw, 65px\" \/><\/a><\/li>\n<li><a href=\"https:\/\/www.dropbox.com\/scl\/fi\/orjav9pfx3n2zh8bfjwt6\/XBRL-France-Pr-paration-du-rapport-financier-IFRS-pour-faciliter-sa-publication-digitale-1727784097953.mp4?rlkey=2vkx687qjpx6knrhyvp0lys8b&amp;st=tsvic9u7&amp;dl=0\">la video <img loading=\"lazy\" decoding=\"async\" class=\"alignnone size-full wp-image-2644\" src=\"https:\/\/www.xbrlfrance.org\/wp-content\/uploads\/2023\/10\/video-46x46-2.jpg\" alt=\"\" width=\"46\" height=\"46\" \/><\/a><\/li>\n<\/ul>\n<p style=\"margin: 0cm; line-height: 19.5pt;\"><span style=\"font-size: 13.0pt; font-family: 'Arial',sans-serif; color: #393939;\">XBRL France a eu le plaisir de vous inviter au Webinaire sur la \u00ab Pr\u00e9paration des Comptes IFRS pour faciliter leur Publication Digitale \u00bb qui s&#8217;est tenu le 1er octobre 2024 de 11h30 \u00e0 13h.<\/span><\/p>\n<p><!--more--><\/p>\n<p style=\"margin: 0cm; line-height: 19.5pt; font-style: inherit; font-weight: inherit;\"><span style=\"font-size: 13.0pt; font-family: 'Arial',sans-serif; color: #393939;\">Ce webinaire a \u00e9t\u00e9 l&#8217;occasion de se tenir inform\u00e9s des derni\u00e8res actualit\u00e9s pour ESEF, avec une intervention de l\u2019AMF, mais surtout de pr\u00e9senter les points \u00e0 anticiper, dans la r\u00e9daction du rapport, pour qu\u2019il se pr\u00eate ais\u00e9ment au balisage ESEF-IFRS, en vue de la campagne de d\u00e9p\u00f4t 2025.<\/span><\/p>\n<p style=\"margin: 0cm; line-height: 19.5pt; font-style: inherit; font-weight: inherit;\"><span style=\"font-size: 13.0pt; font-family: 'Arial',sans-serif; color: #393939;\">\u00a0<\/span><\/p>\n<p style=\"margin: 0cm; line-height: 19.5pt; font-style: inherit; font-weight: inherit;\"><span style=\"font-size: 13.0pt; font-family: 'Arial',sans-serif; color: #393939;\">Le balisage n&#8217;a pas \u00e9t\u00e9 abord\u00e9 directement en tant que tel, mais bien les bonnes pratiques de pr\u00e9paration des \u00e9tats primaires et annexes. Ce webinaire n\u2019est donc absolument pas r\u00e9serv\u00e9 aux experts ESEF mais au contraire il s\u2019adresse \u00e0 toute personne impliqu\u00e9e dans la pr\u00e9paration des \u00e9tats financiers IFRS (consolideurs et normes, \u00e9diteurs et auditeurs).<\/span><\/p>\n<p style=\"margin: 0cm; line-height: 19.5pt; font-style: inherit; font-weight: inherit;\"><span style=\"font-size: 13.0pt; font-family: 'Arial',sans-serif; color: #393939;\">\u00a0<\/span><\/p>\n<p><u>Au programme\u00a0: <\/u><\/p>\n<ul>\n<li>Points de vigilance et actualit\u00e9s ESEF \u2013 Yazid BOUMALA, AMF<\/li>\n<li>Informations \u00e0 baliser \u2013 Thomas VERDIN, BM&amp;A Advisory &amp; Regtech<\/li>\n<li>Coh\u00e9rence des donn\u00e9es comptables, Astrid MONTAGNIER, KPMG<\/li>\n<li>Lecture des \u00e9tats financiers, Alexandre PRAT-FOURCADE, Corporatings<\/li>\n<li>Structuration des annexes, Pierre POTTIER, Regnology<\/li>\n<\/ul>\n<p style=\"margin: 0cm; line-height: 19.5pt; font-style: inherit; font-weight: inherit;\"><span style=\"font-size: 13.0pt; font-family: 'Arial',sans-serif; color: #393939;\">L&#8217;\u00e9quipe &#8220;XBRL France&#8221;<\/span><\/p>\n<p>\u00a0<\/p>\n<p>\u00a0<\/p>\n","protected":false},"excerpt":{"rendered":"<p>T\u00e9l\u00e9chargez la pr\u00e9sentation la video XBRL France a eu le plaisir de vous inviter au Webinaire sur la \u00ab Pr\u00e9paration des Comptes IFRS pour faciliter leur Publication Digitale \u00bb qui s&#8217;est tenu le 1er octobre 2024 de 11h30 \u00e0 13h.<\/p>\n","protected":false},"author":1,"featured_media":0,"comment_status":"open","ping_status":"open","sticky":true,"template":"","format":"standard","meta":{"footnotes":""},"categories":[1],"tags":[],"class_list":["post-2837","post","type-post","status-publish","format-standard","hentry","category-non-classe"],"_links":{"self":[{"href":"https:\/\/www.xbrlfrance.org\/index.php?rest_route=\/wp\/v2\/posts\/2837","targetHints":{"allow":["GET"]}}],"collection":[{"href":"https:\/\/www.xbrlfrance.org\/index.php?rest_route=\/wp\/v2\/posts"}],"about":[{"href":"https:\/\/www.xbrlfrance.org\/index.php?rest_route=\/wp\/v2\/types\/post"}],"author":[{"embeddable":true,"href":"https:\/\/www.xbrlfrance.org\/index.php?rest_route=\/wp\/v2\/users\/1"}],"replies":[{"embeddable":true,"href":"https:\/\/www.xbrlfrance.org\/index.php?rest_route=%2Fwp%2Fv2%2Fcomments&post=2837"}],"version-history":[{"count":15,"href":"https:\/\/www.xbrlfrance.org\/index.php?rest_route=\/wp\/v2\/posts\/2837\/revisions"}],"predecessor-version":[{"id":2964,"href":"https:\/\/www.xbrlfrance.org\/index.php?rest_route=\/wp\/v2\/posts\/2837\/revisions\/2964"}],"wp:attachment":[{"href":"https:\/\/www.xbrlfrance.org\/index.php?rest_route=%2Fwp%2Fv2%2Fmedia&parent=2837"}],"wp:term":[{"taxonomy":"category","embeddable":true,"href":"https:\/\/www.xbrlfrance.org\/index.php?rest_route=%2Fwp%2Fv2%2Fcategories&post=2837"},{"taxonomy":"post_tag","embeddable":true,"href":"https:\/\/www.xbrlfrance.org\/index.php?rest_route=%2Fwp%2Fv2%2Ftags&post=2837"}],"curies":[{"name":"wp","href":"https:\/\/api.w.org\/{rel}","templated":true}]}}