{"id":2997,"date":"2024-11-13T12:10:23","date_gmt":"2024-11-13T11:10:23","guid":{"rendered":"https:\/\/www.xbrlfrance.org\/?p=2997"},"modified":"2025-01-17T16:11:45","modified_gmt":"2025-01-17T15:11:45","slug":"thematique-esef-reporting-ifrs-csrd-rapport-financier-et-rapport-de-durabilite","status":"publish","type":"post","link":"https:\/\/www.xbrlfrance.org\/?p=2997","title":{"rendered":"Th\u00e9matique ESEF \u2013 REPORTING IFRS\/CSRD : rapport financier et rapport de durabilit\u00e9"},"content":{"rendered":"\n<p>Lundi 9 d\u00e9cembre de 9h05 \u00e0 12h30<\/p>\n\n\n\n<p><strong><img loading=\"lazy\" decoding=\"async\" class=\"alignnone size-full wp-image-3031\" src=\"https:\/\/www.xbrlfrance.org\/wp-content\/uploads\/2024\/10\/THEMATIQUE-ESEF-de-9h15-a-12h30.png\" alt=\"\" width=\"2801\" height=\"997\" srcset=\"https:\/\/www.xbrlfrance.org\/wp-content\/uploads\/2024\/10\/THEMATIQUE-ESEF-de-9h15-a-12h30.png 2801w, https:\/\/www.xbrlfrance.org\/wp-content\/uploads\/2024\/10\/THEMATIQUE-ESEF-de-9h15-a-12h30-300x107.png 300w, https:\/\/www.xbrlfrance.org\/wp-content\/uploads\/2024\/10\/THEMATIQUE-ESEF-de-9h15-a-12h30-1024x364.png 1024w, https:\/\/www.xbrlfrance.org\/wp-content\/uploads\/2024\/10\/THEMATIQUE-ESEF-de-9h15-a-12h30-768x273.png 768w, https:\/\/www.xbrlfrance.org\/wp-content\/uploads\/2024\/10\/THEMATIQUE-ESEF-de-9h15-a-12h30-1536x547.png 1536w, https:\/\/www.xbrlfrance.org\/wp-content\/uploads\/2024\/10\/THEMATIQUE-ESEF-de-9h15-a-12h30-2048x729.png 2048w, https:\/\/www.xbrlfrance.org\/wp-content\/uploads\/2024\/10\/THEMATIQUE-ESEF-de-9h15-a-12h30-620x221.png 620w\" sizes=\"auto, (max-width: 2801px) 100vw, 2801px\" \/>Programme d\u00e9taill\u00e9 :<\/strong><\/p>\n<p>9h05 &#8211; 9h20 : Bienvenue et introduction, <strong>Philippe Vincent<\/strong>, Pr\u00e9sident de la CNCC, <strong>Vincent Le Moal Joubel<\/strong> \u2013 Pr\u00e9sident de XBRL France et Expert XBRL \u00e0 la Banque de France et <strong>Gilles Maguet<\/strong>, D\u00e9l\u00e9gu\u00e9 G\u00e9n\u00e9ral XBRL France et CEO de XBRL Europe <a href=\"https:\/\/www.xbrlfrance.org\/wp-content\/uploads\/2024\/11\/01-2024_12_09_conf-XBRL-FR_PPTIntroduction.pdf\"><img loading=\"lazy\" decoding=\"async\" class=\"alignnone  wp-image-2579\" src=\"https:\/\/www.xbrlfrance.org\/wp-content\/uploads\/2023\/10\/Adobe_Acrobat.png\" alt=\"\" width=\"48\" height=\"48\" srcset=\"https:\/\/www.xbrlfrance.org\/wp-content\/uploads\/2023\/10\/Adobe_Acrobat.png 256w, https:\/\/www.xbrlfrance.org\/wp-content\/uploads\/2023\/10\/Adobe_Acrobat-150x150.png 150w, https:\/\/www.xbrlfrance.org\/wp-content\/uploads\/2023\/10\/Adobe_Acrobat-46x46.png 46w\" sizes=\"auto, (max-width: 48px) 100vw, 48px\" \/><\/a>\u00a0 \u00a0\u00a0<\/p>\n<p>9h20 &#8211; 9h40 : <strong>ESEF en France<\/strong> &#8211; par <strong>Yazid Boumala, <\/strong>Direction des Affaires Comptables, <strong>Autorit\u00e9 des march\u00e9s financiers (AMF) <a href=\"https:\/\/www.xbrlfrance.org\/wp-content\/uploads\/2024\/11\/02-Conference-XBRL-France-09122024-vDEF.pdf\"><img loading=\"lazy\" decoding=\"async\" class=\"alignnone  wp-image-2579\" src=\"https:\/\/www.xbrlfrance.org\/wp-content\/uploads\/2023\/10\/Adobe_Acrobat.png\" alt=\"\" width=\"48\" height=\"48\" srcset=\"https:\/\/www.xbrlfrance.org\/wp-content\/uploads\/2023\/10\/Adobe_Acrobat.png 256w, https:\/\/www.xbrlfrance.org\/wp-content\/uploads\/2023\/10\/Adobe_Acrobat-150x150.png 150w, https:\/\/www.xbrlfrance.org\/wp-content\/uploads\/2023\/10\/Adobe_Acrobat-46x46.png 46w\" sizes=\"auto, (max-width: 48px) 100vw, 48px\" \/><\/a>\u00a0 \u00a0\u00a0<\/strong><\/p>\n<p>9h40 &#8211; 10h : <strong>ESEF en Europe<\/strong> &#8211; par <strong>Eduardo Moral-Prieto, <\/strong>Senior Officer, Corporate Reporting and Finance Unit at <strong>ESMA (European Securities Market Authority) <a href=\"https:\/\/www.xbrlfrance.org\/wp-content\/uploads\/2024\/11\/03-ESMA32-2009130576-3280-XBRL-France-ESEF-presentation.pdf\"><img loading=\"lazy\" decoding=\"async\" class=\"alignnone  wp-image-2579\" src=\"https:\/\/www.xbrlfrance.org\/wp-content\/uploads\/2023\/10\/Adobe_Acrobat.png\" alt=\"\" width=\"48\" height=\"48\" srcset=\"https:\/\/www.xbrlfrance.org\/wp-content\/uploads\/2023\/10\/Adobe_Acrobat.png 256w, https:\/\/www.xbrlfrance.org\/wp-content\/uploads\/2023\/10\/Adobe_Acrobat-150x150.png 150w, https:\/\/www.xbrlfrance.org\/wp-content\/uploads\/2023\/10\/Adobe_Acrobat-46x46.png 46w\" sizes=\"auto, (max-width: 48px) 100vw, 48px\" \/><\/a>\u00a0 \u00a0\u00a0 <br \/><\/strong><\/p>\n<p>10h &#8211; 10h15 : <strong>Rapport financier : derni\u00e8res recommandations pour le balisage et point de vue des auditeurs<\/strong> &#8211; anim\u00e9 par <strong>Astrid Montagnier<\/strong>, KPMG, co-animatrice du GT Mapping ESEF et <strong>Thomas Verdin<\/strong>, BM&amp;A, co-animateur du GT Mapping ESEF <a href=\"https:\/\/www.xbrlfrance.org\/wp-content\/uploads\/2024\/11\/04-2024_12_09_conf-XBRL-FR_PPT-ESEF-ACTUALITES.pdf\"><img loading=\"lazy\" decoding=\"async\" class=\"alignnone  wp-image-2579\" src=\"https:\/\/www.xbrlfrance.org\/wp-content\/uploads\/2023\/10\/Adobe_Acrobat.png\" alt=\"\" width=\"48\" height=\"48\" srcset=\"https:\/\/www.xbrlfrance.org\/wp-content\/uploads\/2023\/10\/Adobe_Acrobat.png 256w, https:\/\/www.xbrlfrance.org\/wp-content\/uploads\/2023\/10\/Adobe_Acrobat-150x150.png 150w, https:\/\/www.xbrlfrance.org\/wp-content\/uploads\/2023\/10\/Adobe_Acrobat-46x46.png 46w\" sizes=\"auto, (max-width: 48px) 100vw, 48px\" \/><\/a>\u00a0 \u00a0\u00a0<\/p>\n<p>10h15 &#8211; 10h35 : <strong>Panel : quelle lisibilit\u00e9 du rapport digitalis\u00e9<\/strong> ? &#8211; anim\u00e9 par Astrid Montagnier, KPMG, co-animatrice du GT Mapping ESEF et Thomas Verdin, BM&amp;A, co-animateur du GT Mapping ESEF, avec Marc Houllier, Corporatings, co-animateur du GT Mapping ESG\/Durabilit\u00e9, Nawfal Yassir, co-fondateur et associ\u00e9 Amelkis, et Laurent Zominy, Responsable Conformit\u00e9 R\u00e9glementaire chez Pomelo-Paradigm <a href=\"https:\/\/www.xbrlfrance.org\/wp-content\/uploads\/2024\/11\/07-2024_12_09_conf-XBRL-FR_PPT-ESEF-PANEL-LISIBILITE.pdf\"><img loading=\"lazy\" decoding=\"async\" class=\"alignnone  wp-image-2579\" src=\"https:\/\/www.xbrlfrance.org\/wp-content\/uploads\/2023\/10\/Adobe_Acrobat.png\" alt=\"\" width=\"48\" height=\"48\" srcset=\"https:\/\/www.xbrlfrance.org\/wp-content\/uploads\/2023\/10\/Adobe_Acrobat.png 256w, https:\/\/www.xbrlfrance.org\/wp-content\/uploads\/2023\/10\/Adobe_Acrobat-150x150.png 150w, https:\/\/www.xbrlfrance.org\/wp-content\/uploads\/2023\/10\/Adobe_Acrobat-46x46.png 46w\" sizes=\"auto, (max-width: 48px) 100vw, 48px\" \/><\/a>\u00a0 \u00a0\u00a0<\/p>\n<p>10h35 -10h50 : <strong>Rapport de durabilit\u00e9, contexte et attendus, qu&#8217;est-ce que le balisage et pourquoi le consid\u00e9rer d\u00e8s \u00e0 pr\u00e9sent ?<\/strong> &#8211; anim\u00e9 par Marc Houllier, Corporatings, co-animateur du GT Mapping ESG\/Durabilit\u00e9 et Romane Maguet, BM&amp;A, co-animatrice du GT ESG\/Durabilit\u00e9 <a href=\"https:\/\/www.xbrlfrance.org\/wp-content\/uploads\/2024\/11\/04-2024_12_09_conf-XBRL-FR_MH-RM_Short.pdf\"><img loading=\"lazy\" decoding=\"async\" class=\"alignnone  wp-image-2579\" src=\"https:\/\/www.xbrlfrance.org\/wp-content\/uploads\/2023\/10\/Adobe_Acrobat.png\" alt=\"\" width=\"48\" height=\"48\" srcset=\"https:\/\/www.xbrlfrance.org\/wp-content\/uploads\/2023\/10\/Adobe_Acrobat.png 256w, https:\/\/www.xbrlfrance.org\/wp-content\/uploads\/2023\/10\/Adobe_Acrobat-150x150.png 150w, https:\/\/www.xbrlfrance.org\/wp-content\/uploads\/2023\/10\/Adobe_Acrobat-46x46.png 46w\" sizes=\"auto, (max-width: 48px) 100vw, 48px\" \/><\/a>\u00a0 \u00a0\u00a0<\/p>\n<p>11h15 &#8211; 11h30 : <strong>Panorama des outils pour le rapport de durabilit\u00e9<\/strong> &#8211; anim\u00e9 par Carole Perrier, BM&amp;A <a href=\"https:\/\/www.xbrlfrance.org\/wp-content\/uploads\/2024\/11\/06-2024_12_09_conf-XBRL-FR_PPT-CPE-Panorama-outils_V2.pdf\"><img loading=\"lazy\" decoding=\"async\" class=\"alignnone  wp-image-2579\" src=\"https:\/\/www.xbrlfrance.org\/wp-content\/uploads\/2023\/10\/Adobe_Acrobat.png\" alt=\"\" width=\"48\" height=\"48\" srcset=\"https:\/\/www.xbrlfrance.org\/wp-content\/uploads\/2023\/10\/Adobe_Acrobat.png 256w, https:\/\/www.xbrlfrance.org\/wp-content\/uploads\/2023\/10\/Adobe_Acrobat-150x150.png 150w, https:\/\/www.xbrlfrance.org\/wp-content\/uploads\/2023\/10\/Adobe_Acrobat-46x46.png 46w\" sizes=\"auto, (max-width: 48px) 100vw, 48px\" \/><\/a>\u00a0 \u00a0\u00a0<\/p>\n<p>11h30 &#8211; 12h10 : <strong>Le tagging ESEF IFRS &#8211; ESRS, Exemples concrets par Gold partners<\/strong> &#8211; \u00a0 \u00a0\u00a0<\/p>\n<ul>\n<li><strong>Lucanet<\/strong> &#8211; L\u2019IA, votre copilote pour un tagging facilit\u00e9 &#8211; Mickael Amoussou \u00a0 \u00a0\u00a0<\/li>\n<li><strong>Pomelo-Paradigm<\/strong> &#8211; La cohabitation entre IFRS et ESRS dans un m\u00eame rapport &#8211; Laurent Zominy \u00a0 \u00a0\u00a0<\/li>\n<li><strong>Regnology<\/strong>\u00a0 &#8211; L&#8217;int\u00e9gration de votre reporting CSRD dans la cr\u00e9ation de votre Rapport Annuel &#8211; &#8211; Pierre Pottier <a href=\"https:\/\/www.xbrlfrance.org\/wp-content\/uploads\/2024\/11\/Xbrl-France-CSRD_regnology.pdf\"><img loading=\"lazy\" decoding=\"async\" class=\"alignnone  wp-image-2579\" src=\"https:\/\/www.xbrlfrance.org\/wp-content\/uploads\/2023\/10\/Adobe_Acrobat.png\" alt=\"\" width=\"48\" height=\"48\" srcset=\"https:\/\/www.xbrlfrance.org\/wp-content\/uploads\/2023\/10\/Adobe_Acrobat.png 256w, https:\/\/www.xbrlfrance.org\/wp-content\/uploads\/2023\/10\/Adobe_Acrobat-150x150.png 150w, https:\/\/www.xbrlfrance.org\/wp-content\/uploads\/2023\/10\/Adobe_Acrobat-46x46.png 46w\" sizes=\"auto, (max-width: 48px) 100vw, 48px\" \/><\/a>\u00a0 \u00a0\u00a0<\/li>\n<\/ul>\n<p>12h10 &#8211; 12h30 : <strong>Table ronde<\/strong> &#8211; anim\u00e9 par Marc Houllier, Corporatings, co-animateur du GT Mapping ESG\/Durabilit\u00e9 et Romane Maguet, BM&amp;A, co-animatrice du GT ESG\/Durabilit\u00e9 \u00a0 \u00a0\u00a0<\/p>\n<p>\u00a0<\/p>\n\n\n\n<p>\u00a0<\/p>\n<table style=\"width: 100%; height: 632px;\">\n<tbody>\n<tr style=\"height: 632px;\">\n<td style=\"width: 23.6904%; height: 632px;\">\n<p><strong>Speaker:<br \/><\/strong><strong>Philippe Vincent<br \/><\/strong><\/p>\n<p><img loading=\"lazy\" decoding=\"async\" class=\"alignnone wp-image-3151 size-full\" src=\"https:\/\/www.xbrlfrance.org\/wp-content\/uploads\/2024\/11\/PhilippeVincent.jpg\" alt=\"\" width=\"291\" height=\"399\" srcset=\"https:\/\/www.xbrlfrance.org\/wp-content\/uploads\/2024\/11\/PhilippeVincent.jpg 291w, https:\/\/www.xbrlfrance.org\/wp-content\/uploads\/2024\/11\/PhilippeVincent-219x300.jpg 219w\" sizes=\"auto, (max-width: 291px) 100vw, 291px\" \/><\/p>\n<\/td>\n<td style=\"width: 75.0001%; height: 632px;\">\n<p>Philippe Vincent a \u00e9t\u00e9 \u00e9lu, jeudi 31 octobre, pr\u00e9sident de la Compagnie Nationale des Commissaires aux Comptes (CNCC) par le Conseil national de la profession, pour un mandat de quatre ans. Il prendra ses fonctions d\u00e8s le 1er novembre. Engag\u00e9 depuis 2006 dans les institutions au niveau r\u00e9gional et national (il fut notamment Pr\u00e9sident de la CRCC de Versailles et du Centre de 2022 \u00e0 2024 et Vice-Pr\u00e9sident de la CNCC depuis 2020), Philippe Vincent devient \u00e0 53 ans pr\u00e9sident de la Compagnie nationale des commissaires aux comptes. N\u00e9 \u00e0 Lyon, il a d\u00e9but\u00e9 sa carri\u00e8re \u00e0 la Fiduciaire de France \u00e0 Oyonnax dans le Jura, avant de rejoindre les \u00e9quipes de PwC en 1994, cabinet au sein duquel il est associ\u00e9 depuis 2006.<\/p>\n<p>En tant que membre du Bureau national et vice-pr\u00e9sident depuis 2020 sous la pr\u00e9sidence de Yannick Ollivier, Philippe Vincent a contribu\u00e9 au repositionnement de la profession de commissaire aux comptes dans son r\u00f4le soci\u00e9tal au centre de la cha\u00eene de confiance de l\u2019\u00e9conomie, ainsi qu\u2019\u00e0 la r\u00e9novation de son image.<\/p>\n<p>La mandature qui s\u2019ouvre aura vocation \u00e0 consolider ce socle, avec l\u2019ambition de rendre toujours plus audible la voix des commissaires aux comptes, au niveau national et europ\u00e9en.<\/p>\n<\/td>\n<\/tr>\n<\/tbody>\n<\/table>\n<table style=\"width: 100%; height: 2757px;\">\n<tbody>\n<tr style=\"height: 302px;\">\n<td style=\"width: 23.8095%; height: 302px;\">\n<p><strong>Speaker:<br \/><\/strong><strong>Vincent Le Moal-Joubel<\/strong><\/p>\n<p><img loading=\"lazy\" decoding=\"async\" class=\"alignnone wp-image-2485  aligncenter\" src=\"https:\/\/www.xbrlfrance.org\/wp-content\/uploads\/2023\/12\/LeMoalJoubel-Vincent.jpg\" sizes=\"auto, (max-width: 137px) 100vw, 137px\" srcset=\"https:\/\/www.xbrlfrance.org\/wp-content\/uploads\/2023\/12\/LeMoalJoubel-Vincent.jpg 648w, https:\/\/www.xbrlfrance.org\/wp-content\/uploads\/2023\/12\/LeMoalJoubel-Vincent-300x300.jpg 300w, https:\/\/www.xbrlfrance.org\/wp-content\/uploads\/2023\/12\/LeMoalJoubel-Vincent-150x150.jpg 150w, https:\/\/www.xbrlfrance.org\/wp-content\/uploads\/2023\/12\/LeMoalJoubel-Vincent-46x46.jpg 46w, https:\/\/www.xbrlfrance.org\/wp-content\/uploads\/2023\/12\/LeMoalJoubel-Vincent-620x620.jpg 620w\" alt=\"\" width=\"137\" height=\"137\" \/><\/p>\n<\/td>\n<td style=\"width: 75.2381%; height: 302px;\">\n<p>Vincent Le Moal-Joubel est pr\u00e9sident de XBRL France. Il co-pr\u00e9side le groupe de travail Banque et Assurance de XBRL France et XBRL Europe. Il est responsable du centre de comp\u00e9tence XBRL \u00e0 la Banque de France, au sein du d\u00e9partement Taxonomie et Qualit\u00e9, charg\u00e9 de la cr\u00e9ation des taxonomies nationales. Il participe aux comit\u00e9s techniques de reporting de l\u2019EBA et de l\u2019EIOPA.<\/p>\n<\/td>\n<\/tr>\n<tr style=\"height: 256px;\">\n<td style=\"width: 23.8095%; height: 256px;\">\n<p><strong>Speaker<\/strong>:<br \/><strong>Gilles Maguet<\/strong><\/p>\n<p><img loading=\"lazy\" decoding=\"async\" class=\"alignnone size-full wp-image-2424 aligncenter\" src=\"https:\/\/www.xbrlfrance.org\/wp-content\/uploads\/2023\/10\/Maguet_Gilles.png\" alt=\"\" width=\"116\" height=\"177\" \/><\/p>\n<p>\u00a0<\/p>\n<\/td>\n<td style=\"width: 75.2381%; height: 256px;\">\n<p>Gilles Maguet est le D\u00e9l\u00e9gu\u00e9 G\u00e9n\u00e9ral de XBRL France et le CEO de XBRL Europe. Gilles Maguet contribue \u00e0 faire progresser XBRL en France et en Europe en collaborant avec les institutions\/autorit\u00e9s, en organisant des \u00e9v\u00e9nements et en participant \u00e0 des activit\u00e9s de groupes de travail, comme en Europe pour l\u2019ESEF, l\u2019ESG et les reportings bancaires et d\u2019assurance. Gilles Maguet est impliqu\u00e9 dans l\u2019initiative XBRL depuis 20 ans.<\/p>\n<p>\u00a0<\/p>\n<\/td>\n<\/tr>\n<tr>\n<td style=\"width: 23.8095%;\">\n<p><strong>Speaker :<\/strong><\/p>\n<p><strong>Yazid Boumala<\/strong><\/p>\n<p><strong>AMF<\/strong><\/p>\n<p><img loading=\"lazy\" decoding=\"async\" class=\"alignnone size-full wp-image-3131\" src=\"https:\/\/www.xbrlfrance.org\/wp-content\/uploads\/2024\/11\/Boumala_Yazid.jpg\" alt=\"\" width=\"450\" height=\"450\" srcset=\"https:\/\/www.xbrlfrance.org\/wp-content\/uploads\/2024\/11\/Boumala_Yazid.jpg 450w, https:\/\/www.xbrlfrance.org\/wp-content\/uploads\/2024\/11\/Boumala_Yazid-300x300.jpg 300w, https:\/\/www.xbrlfrance.org\/wp-content\/uploads\/2024\/11\/Boumala_Yazid-150x150.jpg 150w, https:\/\/www.xbrlfrance.org\/wp-content\/uploads\/2024\/11\/Boumala_Yazid-46x46.jpg 46w\" sizes=\"auto, (max-width: 450px) 100vw, 450px\" \/><\/p>\n<\/td>\n<td style=\"width: 75.2381%;\">\n<p>Yazid Boumala est charg\u00e9 de mission senior au sein de la direction des affaires comptable de l\u2019autorit\u00e9 des march\u00e9s financiers (AMF). Les actions de la direction des affaires comptable ont pour objectif de s\u2019assurer de la correcte application des normes comptables dans les \u00e9tats financiers et de contribuer ainsi \u00e0 l\u2019am\u00e9lioration de la qualit\u00e9 de l\u2019information financi\u00e8re des soci\u00e9t\u00e9s cot\u00e9es. Yazid contribue \u00e9galement aux travaux de normalisation comptable au niveau national et international et participe au groupe ESEF de l\u2019ESMA et au groupe de travail Mapping ESEF d\u2019XBRL France. Il est dipl\u00f4m\u00e9 de l\u2019universit\u00e9 Paris 1 Panth\u00e9on Sorbonne.<\/p>\n<\/td>\n<\/tr>\n<tr>\n<td style=\"width: 23.8095%;\">\n<p><strong>Speaker :<\/strong><\/p>\n<p><strong>Eduardo Moral-Prieto<\/strong><\/p>\n<p><strong>ESMA<\/strong><\/p>\n<p><img loading=\"lazy\" decoding=\"async\" class=\"alignnone size-full wp-image-2517\" src=\"https:\/\/www.xbrlfrance.org\/wp-content\/uploads\/2023\/12\/Eduardo-Moral_-002.jpg\" alt=\"\" width=\"143\" height=\"189\" \/><\/p>\n<\/td>\n<td style=\"width: 75.2381%;\">\n<p>Eduardo Moral travaille en tant que responsable principal des politiques \u00e0 l\u2019Autorit\u00e9 europ\u00e9enne des march\u00e9s financiers (ESMA) sur des sujets li\u00e9s \u00e0 l\u2019audit, au reporting d\u2019entreprise, aux agences de notation de cr\u00e9dit (CRA) et \u00e0 la titrisation depuis 2013. Eduardo travaille actuellement \u00e0 la mise en \u0153uvre du format \u00e9lectronique unique europ\u00e9en (ESEF), des propositions l\u00e9gislatives sur le point d\u2019acc\u00e8s unique europ\u00e9en (ESAP), de l\u2019article 8 du r\u00e8glement sur la taxonomie et de la num\u00e9risation des informations de durabilit\u00e9. Auparavant, il a travaill\u00e9 pendant six ans \u00e0 la Commission europ\u00e9enne \u2013 DG FISMA, CRA et Unit\u00e9 d\u2019audit \u2013 o\u00f9 il a particip\u00e9 \u00e0 l\u2019\u00e9laboration de l\u2019CRA3 et du r\u00e8glement sur l\u2019audit, ainsi qu\u2019\u00e0 la mise en place du r\u00e9gime d\u2019\u00e9quivalence et de la coop\u00e9ration avec les organes de surveillance des auditeurs de pays tiers. De nationalit\u00e9 espagnole, Eduardo a commenc\u00e9 sa carri\u00e8re en tant que superviseur au sein de l\u2019autorit\u00e9 espagnole de surveillance des commissaires aux comptes (ICAC) et, auparavant, pour les organismes d\u2019assurance et les fonds de pension (DGSFP). Il est titulaire d\u2019une ma\u00eetrise en droit et en \u00e9conomie de l\u2019Universit\u00e9 de Deusto \u00e0 Bilbao.<\/p>\n<\/td>\n<\/tr>\n<tr style=\"height: 315px;\">\n<td style=\"width: 23.8095%; height: 315px;\">\n<p><strong>Mod\u00e9ratrice:<br \/><\/strong><strong>Astrid Montagnier<br \/><\/strong><strong>KPMG<\/strong><\/p>\n<p><img loading=\"lazy\" decoding=\"async\" class=\"aligncenter\" src=\"https:\/\/www.xbrlfrance.org\/wp-content\/uploads\/2023\/11\/A-Montagnier.jpg\" alt=\"\" width=\"117\" height=\"165\" \/><\/p>\n<\/td>\n<td style=\"width: 75.2381%; height: 315px;\">\n<p>Astrid Montagnier est Associ\u00e9e de KPMG France au sein du d\u00e9partement Global Assurance Normes comptables et reporting. Elle m\u00e8ne des missions d\u2019assistance \u00e0 la mise en \u0153uvre des normes comptables internationales dans le cadre de changements de normes ou de transactions complexes. Elle porte les sujets de reporting \u00e9lectronique pour KPMG France, participe au groupe ESEF de la CNCC et co-pilote le groupe de travail Mapping ESEF d\u2019XBRL France. Astrid est expert-comptable et dipl\u00f4m\u00e9e de l\u2019EM Lyon. <a href=\"https:\/\/www.linkedin.com\/in\/astridmontagnier\/\" target=\"_blank\" rel=\"noopener\"><img decoding=\"async\" src=\"https:\/\/www.xbrlfrance.org\/wp-content\/uploads\/2023\/11\/in.png\" \/><\/a><\/p>\n<\/td>\n<\/tr>\n<tr style=\"height: 276px;\">\n<td style=\"width: 23.8095%; height: 276px;\">\n<p><strong>Mod\u00e9rateur:<br \/><\/strong><strong>Thomas Verdin<br \/><\/strong><strong>BM&amp;A <br \/>Advisory &amp; RegTech<\/strong><\/p>\n<p><img loading=\"lazy\" decoding=\"async\" class=\"aligncenter\" src=\"https:\/\/www.xbrleurope.org\/wp-content\/uploads\/2022\/06\/TV.jpg\" alt=\"\" width=\"149\" height=\"149\" \/><\/p>\n<\/td>\n<td style=\"width: 75.2381%; height: 276px;\">\n<p>Thomas Verdin est Pr\u00e9sident de XBRL Europe et membre actif au sein de XBRL UK et XBRL France. Il co-pilote le groupe de travail Mapping ESEF en France. Thomas est Directeur du hub londonnien de BM&amp;A o\u00f9 l&#8217;\u00e9quipe Advisory &amp; RegTech accompagne les entreprises, banques et soci\u00e9tes d\u2019assurances dans leurs obligations de reporting financier, prudentiel et ESG avec XBRL. Thomas est dipl\u00f4m\u00e9 de l\u2019Ecole Centrale Paris et de l\u2019Ecole Polytechnique de Bruxelles, et d\u2019un MBA du Coll\u00e8ge des Ing\u00e9nieurs (Paris-Stuttgart-Montreal). <a href=\"https:\/\/www.linkedin.com\/in\/thomasverdin\" target=\"_blank\" rel=\"noopener\"><img decoding=\"async\" src=\"https:\/\/www.xbrlfrance.org\/wp-content\/uploads\/2023\/11\/in.png\" \/><\/a><\/p>\n<\/td>\n<\/tr>\n<tr style=\"height: 198px;\">\n<td style=\"width: 23.8095%; height: 198px;\">\n<p><strong>Pan\u00e9liste:<br \/><\/strong><strong>Nawfal Yassir<\/strong><br \/><strong>Amelkis<\/strong><\/p>\n<p><img loading=\"lazy\" decoding=\"async\" class=\"wp-image-3078 aligncenter\" src=\"https:\/\/www.xbrlfrance.org\/wp-content\/uploads\/2024\/11\/Nawfal-YASSIR_002-scaled.jpg\" alt=\"\" width=\"151\" height=\"159\" srcset=\"https:\/\/www.xbrlfrance.org\/wp-content\/uploads\/2024\/11\/Nawfal-YASSIR_002-scaled.jpg 2435w, https:\/\/www.xbrlfrance.org\/wp-content\/uploads\/2024\/11\/Nawfal-YASSIR_002-285x300.jpg 285w, https:\/\/www.xbrlfrance.org\/wp-content\/uploads\/2024\/11\/Nawfal-YASSIR_002-974x1024.jpg 974w, https:\/\/www.xbrlfrance.org\/wp-content\/uploads\/2024\/11\/Nawfal-YASSIR_002-768x807.jpg 768w, https:\/\/www.xbrlfrance.org\/wp-content\/uploads\/2024\/11\/Nawfal-YASSIR_002-1461x1536.jpg 1461w, https:\/\/www.xbrlfrance.org\/wp-content\/uploads\/2024\/11\/Nawfal-YASSIR_002-1948x2048.jpg 1948w, https:\/\/www.xbrlfrance.org\/wp-content\/uploads\/2024\/11\/Nawfal-YASSIR_002-620x652.jpg 620w\" sizes=\"auto, (max-width: 151px) 100vw, 151px\" \/><\/p>\n<\/td>\n<td style=\"width: 75.2381%; height: 198px;\">\n<p>Nawfal Yassir est co-fondateur et associ\u00e9 chez Amelkis.\u00a0Apr\u00e8s des exp\u00e9riences professionnelles en tant que contr\u00f4leur de gestion, chef de projet consolidation, ou encore directeur du reporting, il a fond\u00e9 Amelkis, avec une vision d\u2019innovation et de cr\u00e9ativit\u00e9. Le but \u00e9tait de comprendre les rouages de la finance, de l\u2019\u00e9conomie, et de les fusionner avec l\u2019informatique. <a href=\"https:\/\/www.linkedin.com\/in\/nawfal-y-65516b13b\/\" target=\"_blank\" rel=\"noopener\"><img decoding=\"async\" src=\"https:\/\/www.xbrlfrance.org\/wp-content\/uploads\/2023\/11\/in.png\" \/><\/a><\/p>\n<\/td>\n<\/tr>\n<tr style=\"height: 198px;\">\n<td style=\"width: 23.8095%; height: 198px;\">\n<p><strong>Pan\u00e9liste:<br \/>Laurent Zominy<br \/>Pomelo-Paradigm<\/strong><\/p>\n<p style=\"text-align: center;\"><img loading=\"lazy\" decoding=\"async\" class=\"alignnone  wp-image-3079\" src=\"https:\/\/www.xbrlfrance.org\/wp-content\/uploads\/2024\/11\/LZ.jpg\" alt=\"\" width=\"168\" height=\"154\" srcset=\"https:\/\/www.xbrlfrance.org\/wp-content\/uploads\/2024\/11\/LZ.jpg 2547w, https:\/\/www.xbrlfrance.org\/wp-content\/uploads\/2024\/11\/LZ-300x277.jpg 300w, https:\/\/www.xbrlfrance.org\/wp-content\/uploads\/2024\/11\/LZ-1024x945.jpg 1024w, https:\/\/www.xbrlfrance.org\/wp-content\/uploads\/2024\/11\/LZ-768x709.jpg 768w, https:\/\/www.xbrlfrance.org\/wp-content\/uploads\/2024\/11\/LZ-1536x1417.jpg 1536w, https:\/\/www.xbrlfrance.org\/wp-content\/uploads\/2024\/11\/LZ-2048x1890.jpg 2048w, https:\/\/www.xbrlfrance.org\/wp-content\/uploads\/2024\/11\/LZ-620x572.jpg 620w\" sizes=\"auto, (max-width: 168px) 100vw, 168px\" \/><\/p>\n<\/td>\n<td style=\"width: 75.2381%; height: 198px;\">\n<p>Initialement ing\u00e9nieur multim\u00e9dia informatique, ing\u00e9nieur des marques et dipl\u00f4m\u00e9 de management, Laurent Zominy est Responsable Conformit\u00e9 R\u00e9glementaire chez Pomelo-Paradigm. Depuis cinq ans, il accompagne des soci\u00e9t\u00e9s \u00e9mettrices dans leurs projets li\u00e9s au respect des r\u00e9glementations en vigueur. <a href=\"https:\/\/www.linkedin.com\/in\/laurent-zominy-682578119\" target=\"_blank\" rel=\"noopener\"><img decoding=\"async\" src=\"https:\/\/www.xbrlfrance.org\/wp-content\/uploads\/2023\/11\/in.png\" \/><\/a><\/p>\n<\/td>\n<\/tr>\n<tr style=\"height: 347px;\">\n<td style=\"height: 347px; width: 23.8095%;\">\n<p><strong>Mod\u00e9rateur :<br \/><\/strong><strong>Marc Houllier<br \/><\/strong><strong>XBRL France, Corporatings<\/strong><\/p>\n<p><img loading=\"lazy\" decoding=\"async\" class=\"alignnone  wp-image-2329 aligncenter\" src=\"https:\/\/www.xbrlfrance.org\/wp-content\/uploads\/2023\/10\/marc-002-Copie.jpg\" sizes=\"auto, (max-width: 132px) 100vw, 132px\" srcset=\"https:\/\/www.xbrlfrance.org\/wp-content\/uploads\/2023\/10\/marc-002-Copie.jpg 800w, https:\/\/www.xbrlfrance.org\/wp-content\/uploads\/2023\/10\/marc-002-Copie-300x300.jpg 300w, https:\/\/www.xbrlfrance.org\/wp-content\/uploads\/2023\/10\/marc-002-Copie-150x150.jpg 150w, https:\/\/www.xbrlfrance.org\/wp-content\/uploads\/2023\/10\/marc-002-Copie-768x768.jpg 768w, https:\/\/www.xbrlfrance.org\/wp-content\/uploads\/2023\/10\/marc-002-Copie-46x46.jpg 46w, https:\/\/www.xbrlfrance.org\/wp-content\/uploads\/2023\/10\/marc-002-Copie-620x620.jpg 620w\" alt=\"\" width=\"132\" height=\"132\" \/><\/p>\n<\/td>\n<td style=\"height: 347px; width: 75.2381%;\">\n<p>Marc Houllier est co-fondateur de Corporatings. Marc est membre du Digital Reporting Consultative Forum qui conseille l\u2019EFRAG sur la cr\u00e9ation de la taxonomie ESRS, et membre de l\u2019IFRS Taxonomy Consultative Group qui conseille l\u2019IASB et l\u2019ISSB sur la cr\u00e9ation de leurs deux taxonomies. Il participe au groupe de travail Mapping ESEF de XBRL France et co-pilote le groupe de travail ESRS d\u2019XBRL France.\u00a0<a href=\"https:\/\/www.linkedin.com\/in\/marc-houllier-50a451119\/\" target=\"_blank\" rel=\"noopener\"><img loading=\"lazy\" decoding=\"async\" class=\"alignnone\" src=\"https:\/\/www.xbrlfrance.org\/wp-content\/uploads\/2023\/11\/in.png\" alt=\"\" width=\"24\" height=\"24\" \/><\/a><\/p>\n<\/td>\n<\/tr>\n<tr style=\"height: 342px;\">\n<td style=\"width: 23.8095%; height: 342px;\">\n<p><strong>Mod\u00e9ratrice :<br \/>Romane Maguet<br \/>XBRL France, BM&amp;A<\/strong><\/p>\n<p><img loading=\"lazy\" decoding=\"async\" class=\"alignnone wp-image-2330 aligncenter\" src=\"https:\/\/www.xbrlfrance.org\/wp-content\/uploads\/2023\/10\/Image1-1.jpg\" alt=\"\" width=\"128\" height=\"183\" \/><\/p>\n<\/td>\n<td style=\"width: 75.2381%; height: 342px;\">\n<p>Romane Maguet est membre du Conseil d\u2019Administration de XBRL France. Elle fait partie du groupe de travail ESG de XBRL Europe depuis 2020 et co-pilote le groupe de travail ESRS de XBRL France. Romane est consultante ESG chez BM&amp;A et travaille dans les domaines d\u2019ESEF et de XBRL ainsi que dans le domaine du d\u00e9veloppement durable. <a href=\"https:\/\/www.linkedin.com\/in\/romanemaguet\" target=\"_blank\" rel=\"noopener\"><img loading=\"lazy\" decoding=\"async\" class=\"alignnone\" src=\"https:\/\/www.xbrlfrance.org\/wp-content\/uploads\/2023\/11\/in.png\" alt=\"\" width=\"24\" height=\"24\" \/><\/a><\/p>\n<\/td>\n<\/tr>\n<tr style=\"height: 523px;\">\n<td style=\"width: 23.8095%; height: 523px;\">\n<p><strong>Speaker :<\/strong><\/p>\n<p><strong>Carole Perrier, BM&amp;A<\/strong><\/p>\n<p><img loading=\"lazy\" decoding=\"async\" class=\"alignnone size-full wp-image-3054\" src=\"https:\/\/www.xbrlfrance.org\/wp-content\/uploads\/2024\/11\/Carole_Perrier-13-scaled.jpg\" alt=\"\" width=\"1707\" height=\"2560\" srcset=\"https:\/\/www.xbrlfrance.org\/wp-content\/uploads\/2024\/11\/Carole_Perrier-13-scaled.jpg 1707w, https:\/\/www.xbrlfrance.org\/wp-content\/uploads\/2024\/11\/Carole_Perrier-13-200x300.jpg 200w, https:\/\/www.xbrlfrance.org\/wp-content\/uploads\/2024\/11\/Carole_Perrier-13-683x1024.jpg 683w, https:\/\/www.xbrlfrance.org\/wp-content\/uploads\/2024\/11\/Carole_Perrier-13-768x1152.jpg 768w, https:\/\/www.xbrlfrance.org\/wp-content\/uploads\/2024\/11\/Carole_Perrier-13-1024x1536.jpg 1024w, https:\/\/www.xbrlfrance.org\/wp-content\/uploads\/2024\/11\/Carole_Perrier-13-1366x2048.jpg 1366w, https:\/\/www.xbrlfrance.org\/wp-content\/uploads\/2024\/11\/Carole_Perrier-13-620x930.jpg 620w\" sizes=\"auto, (max-width: 1707px) 100vw, 1707px\" \/><\/p>\n<p>\u00a0<\/p>\n<p><strong>\u00a0<\/strong><\/p>\n<\/td>\n<td style=\"width: 75.2381%; height: 523px;\">\n<p>Carole a rejoint BM&amp;A en 2024 apr\u00e8s 17 ans d\u2019exp\u00e9rience d\u00e9di\u00e9s au <em>reporting<\/em> consolid\u00e9 en Big4 puis dans un groupe du CAC 40.<\/p>\n<p>Elle intervient sur des missions d\u2019externalisation ou d\u2019assistance \u00e0 l\u2019\u00e9laboration des comptes consolid\u00e9s en IFRS. Elle participe \u00e9galement \u00e0 la conduite de projets de transformation financi\u00e8re. <a href=\"https:\/\/www.linkedin.com\/in\/carole-perrier-13907513\/\" target=\"_blank\" rel=\"noopener\"><img loading=\"lazy\" decoding=\"async\" class=\"alignnone\" src=\"https:\/\/www.xbrlfrance.org\/wp-content\/uploads\/2023\/11\/in.png\" alt=\"\" width=\"24\" height=\"24\" \/><\/a><\/p>\n<\/td>\n<\/tr>\n<tr>\n<td style=\"width: 23.8095%;\">\n<p><strong>Speaker :\u00a0<\/strong><\/p>\n<p><strong>Mickael Amoussou, Senior Sales Engineer, Lucanet\u00a0<\/strong><\/p>\n<p><img loading=\"lazy\" decoding=\"async\" class=\"alignnone size-full wp-image-3102\" src=\"https:\/\/www.xbrlfrance.org\/wp-content\/uploads\/2024\/11\/mickael-amoussou-3.jpg\" alt=\"\" width=\"694\" height=\"694\" srcset=\"https:\/\/www.xbrlfrance.org\/wp-content\/uploads\/2024\/11\/mickael-amoussou-3.jpg 694w, https:\/\/www.xbrlfrance.org\/wp-content\/uploads\/2024\/11\/mickael-amoussou-3-300x300.jpg 300w, https:\/\/www.xbrlfrance.org\/wp-content\/uploads\/2024\/11\/mickael-amoussou-3-150x150.jpg 150w, https:\/\/www.xbrlfrance.org\/wp-content\/uploads\/2024\/11\/mickael-amoussou-3-46x46.jpg 46w, https:\/\/www.xbrlfrance.org\/wp-content\/uploads\/2024\/11\/mickael-amoussou-3-620x620.jpg 620w\" sizes=\"auto, (max-width: 694px) 100vw, 694px\" \/><\/p>\n<\/td>\n<td style=\"width: 75.2381%;\">\n<p>Dipl\u00f4m\u00e9 en Finance, Mickael a travaill\u00e9 plus de 10 ans au sein des directions financi\u00e8res de grandes entreprises, notamment des groupes cot\u00e9s en bourse et des organisations de la fortune 500. Aujourd\u2019hui Senior Sales Engineer chez Lucanet, il accompagne les organisations dans l\u2019optimisation de leurs processus financiers gr\u00e2ce \u00e0 des solutions innovantes.\u00a0\u00a0<\/p>\n<p>\u00a0<\/p>\n<\/td>\n<\/tr>\n<\/tbody>\n<\/table>\n","protected":false},"excerpt":{"rendered":"<p>Lundi 9 d\u00e9cembre de 9h05 \u00e0 12h30 Programme d\u00e9taill\u00e9 : 9h05 &#8211; 9h20 : Bienvenue et introduction, Philippe Vincent, Pr\u00e9sident de la CNCC, Vincent Le Moal Joubel \u2013 Pr\u00e9sident de XBRL France et Expert XBRL \u00e0 la Banque de France et Gilles Maguet, D\u00e9l\u00e9gu\u00e9 G\u00e9n\u00e9ral XBRL France et CEO de XBRL Europe \u00a0 \u00a0\u00a0 9h20 [&hellip;]<\/p>\n","protected":false},"author":1,"featured_media":0,"comment_status":"open","ping_status":"open","sticky":false,"template":"","format":"standard","meta":{"footnotes":""},"categories":[1],"tags":[],"class_list":["post-2997","post","type-post","status-publish","format-standard","hentry","category-non-classe"],"_links":{"self":[{"href":"https:\/\/www.xbrlfrance.org\/index.php?rest_route=\/wp\/v2\/posts\/2997","targetHints":{"allow":["GET"]}}],"collection":[{"href":"https:\/\/www.xbrlfrance.org\/index.php?rest_route=\/wp\/v2\/posts"}],"about":[{"href":"https:\/\/www.xbrlfrance.org\/index.php?rest_route=\/wp\/v2\/types\/post"}],"author":[{"embeddable":true,"href":"https:\/\/www.xbrlfrance.org\/index.php?rest_route=\/wp\/v2\/users\/1"}],"replies":[{"embeddable":true,"href":"https:\/\/www.xbrlfrance.org\/index.php?rest_route=%2Fwp%2Fv2%2Fcomments&post=2997"}],"version-history":[{"count":49,"href":"https:\/\/www.xbrlfrance.org\/index.php?rest_route=\/wp\/v2\/posts\/2997\/revisions"}],"predecessor-version":[{"id":3239,"href":"https:\/\/www.xbrlfrance.org\/index.php?rest_route=\/wp\/v2\/posts\/2997\/revisions\/3239"}],"wp:attachment":[{"href":"https:\/\/www.xbrlfrance.org\/index.php?rest_route=%2Fwp%2Fv2%2Fmedia&parent=2997"}],"wp:term":[{"taxonomy":"category","embeddable":true,"href":"https:\/\/www.xbrlfrance.org\/index.php?rest_route=%2Fwp%2Fv2%2Fcategories&post=2997"},{"taxonomy":"post_tag","embeddable":true,"href":"https:\/\/www.xbrlfrance.org\/index.php?rest_route=%2Fwp%2Fv2%2Ftags&post=2997"}],"curies":[{"name":"wp","href":"https:\/\/api.w.org\/{rel}","templated":true}]}}