{"id":3429,"date":"2025-09-28T18:49:00","date_gmt":"2025-09-28T16:49:00","guid":{"rendered":"https:\/\/www.xbrlfrance.org\/?p=3429"},"modified":"2025-12-08T12:21:48","modified_gmt":"2025-12-08T11:21:48","slug":"thematique-esef-de-la-nouvelle-taxonomie-esef-au-rapport-de-durabilite-digitalise","status":"publish","type":"post","link":"https:\/\/www.xbrlfrance.org\/?p=3429","title":{"rendered":"THEMATIQUE ESEF : de la nouvelle taxonomie ESEF au rapport de durabilit\u00e9 digitalis\u00e9"},"content":{"rendered":"\n<p>\u00a0<\/p>\n<p><img loading=\"lazy\" decoding=\"async\" class=\"aligncenter size-full wp-image-3544\" src=\"https:\/\/www.xbrlfrance.org\/wp-content\/uploads\/2025\/09\/ESEF-Conference-XBRL-France-scaled.png\" alt=\"\" width=\"2560\" height=\"919\" srcset=\"https:\/\/www.xbrlfrance.org\/wp-content\/uploads\/2025\/09\/ESEF-Conference-XBRL-France-scaled.png 2560w, https:\/\/www.xbrlfrance.org\/wp-content\/uploads\/2025\/09\/ESEF-Conference-XBRL-France-300x108.png 300w, https:\/\/www.xbrlfrance.org\/wp-content\/uploads\/2025\/09\/ESEF-Conference-XBRL-France-1024x368.png 1024w, https:\/\/www.xbrlfrance.org\/wp-content\/uploads\/2025\/09\/ESEF-Conference-XBRL-France-768x276.png 768w, https:\/\/www.xbrlfrance.org\/wp-content\/uploads\/2025\/09\/ESEF-Conference-XBRL-France-1536x551.png 1536w, https:\/\/www.xbrlfrance.org\/wp-content\/uploads\/2025\/09\/ESEF-Conference-XBRL-France-2048x735.png 2048w, https:\/\/www.xbrlfrance.org\/wp-content\/uploads\/2025\/09\/ESEF-Conference-XBRL-France-620x223.png 620w\" sizes=\"auto, (max-width: 2560px) 100vw, 2560px\" \/><\/p>\n\n\n<p>9h15 \u00e0 12h40\u00a0<\/p>\n<p><span style=\"font-size: revert; color: initial;\">LES PRESENTATIONS ET VIDEOS<\/span><\/p>\n<div class=\"col620 mr20 fl page-column\">\n<ul>\n<li>Bienvenue par\u00a0<strong>Philippe Vincent\u00a0<\/strong>(<strong>CNCC, Compagnie Nationale des Commissaires aux Comptes<\/strong>) et Introduction par\u00a0<strong>Bruno Tesni\u00e8re<\/strong>\u00a0(<strong>XBRL France<\/strong>) et\u00a0<strong>Gilles Maguet<\/strong>\u00a0(<strong>XBRL France<\/strong>)<\/li>\n<\/ul>\n<table style=\"width: 46.6667%;\">\n<tbody>\n<tr>\n<td style=\"width: 18.7421%;\"><a href=\"https:\/\/www.xbrlfrance.org\/wp-content\/uploads\/2025\/09\/01-2025_11_19_conf-XBRL-FR_PPTIntroduction.pdf\"><img loading=\"lazy\" decoding=\"async\" class=\"aligncenter  wp-image-2579\" src=\"https:\/\/www.xbrlfrance.org\/wp-content\/uploads\/2023\/10\/Adobe_Acrobat-150x150.png\" sizes=\"auto, (max-width: 41px) 100vw, 41px\" srcset=\"https:\/\/www.xbrlfrance.org\/wp-content\/uploads\/2023\/10\/Adobe_Acrobat-150x150.png 150w, https:\/\/www.xbrlfrance.org\/wp-content\/uploads\/2023\/10\/Adobe_Acrobat-46x46.png 46w, https:\/\/www.xbrlfrance.org\/wp-content\/uploads\/2023\/10\/Adobe_Acrobat.png 256w\" alt=\"\" width=\"41\" height=\"41\" \/><\/a><\/td>\n<td style=\"width: 25.8138%;\"><a href=\"https:\/\/www.xbrlfrance.org\/wp-content\/uploads\/2025\/09\/Bienvenue-et-introduction_2025-11-19-09-14-05.mp4\"><img loading=\"lazy\" decoding=\"async\" class=\"aligncenter size-full wp-image-2644\" src=\"https:\/\/www.xbrlfrance.org\/wp-content\/uploads\/2023\/10\/video-46x46-2.jpg\" alt=\"\" width=\"46\" height=\"46\" \/><\/a><\/td>\n<\/tr>\n<\/tbody>\n<\/table>\n<ul>\n<li>Vision AMF \u2013 Campagne ESEF 2025 par\u00a0<strong>Yazid Boumala,\u00a0<\/strong>Direction des Affaires Comptables,\u00a0<strong>Autorit\u00e9 des march\u00e9s financiers (AMF)<\/strong><\/li>\n<\/ul>\n<table style=\"width: 49.2857%;\">\n<tbody>\n<tr>\n<td style=\"width: 22.7381%;\"><a href=\"https:\/\/www.xbrlfrance.org\/wp-content\/uploads\/2025\/09\/02-AMF_BOUMALA-Yazid_Conference-XBRL-France-19112025-vDEF.pdf\"><img loading=\"lazy\" decoding=\"async\" class=\"aligncenter  wp-image-2579\" src=\"https:\/\/www.xbrlfrance.org\/wp-content\/uploads\/2023\/10\/Adobe_Acrobat-150x150.png\" sizes=\"auto, (max-width: 41px) 100vw, 41px\" srcset=\"https:\/\/www.xbrlfrance.org\/wp-content\/uploads\/2023\/10\/Adobe_Acrobat-150x150.png 150w, https:\/\/www.xbrlfrance.org\/wp-content\/uploads\/2023\/10\/Adobe_Acrobat-46x46.png 46w, https:\/\/www.xbrlfrance.org\/wp-content\/uploads\/2023\/10\/Adobe_Acrobat.png 256w\" alt=\"\" width=\"41\" height=\"41\" \/><\/a><\/td>\n<td style=\"width: 25.5952%;\"><a href=\"https:\/\/www.xbrlfrance.org\/wp-content\/uploads\/2025\/09\/AMF_2025-11-19-09-14-05.mp4\"><img loading=\"lazy\" decoding=\"async\" class=\"aligncenter size-full wp-image-2644\" src=\"https:\/\/www.xbrlfrance.org\/wp-content\/uploads\/2023\/10\/video-46x46-2.jpg\" alt=\"\" width=\"46\" height=\"46\" \/><\/a><\/td>\n<\/tr>\n<\/tbody>\n<\/table>\n<p>\u00a0<\/p>\n<ul>\n<li>Pr\u00e9paration de la cl\u00f4ture 2025 (\u00e9tats financiers) par\u00a0<strong>Astrid Montagnier<\/strong>\u00a0(<strong>KPMG<\/strong>) et\u00a0<strong>Morgan Gicquel<\/strong>\u00a0(<strong>Deloitte<\/strong>) et Perspectives 2026\/2027 (\u00e9tats financiers et taxes) par\u00a0<strong>Astrid Montagnier<\/strong>\u00a0(<strong>KPMG<\/strong>) et\u00a0<strong>Morgan Gicquel<\/strong>\u00a0(<strong>Deloitte<\/strong>)<\/li>\n<\/ul>\n<table style=\"width: 48.6905%; height: 46px;\">\n<tbody>\n<tr style=\"height: 46px;\">\n<td style=\"height: 46px; width: 23.2143%;\"><a href=\"https:\/\/www.xbrlfrance.org\/wp-content\/uploads\/2025\/09\/03_Conference-XBRLFrance-Groupe-MappingESEF-2025-VDEF-avec-PDG.pdf\"><img loading=\"lazy\" decoding=\"async\" class=\"aligncenter  wp-image-2579\" src=\"https:\/\/www.xbrlfrance.org\/wp-content\/uploads\/2023\/10\/Adobe_Acrobat-150x150.png\" sizes=\"auto, (max-width: 43px) 100vw, 43px\" srcset=\"https:\/\/www.xbrlfrance.org\/wp-content\/uploads\/2023\/10\/Adobe_Acrobat-150x150.png 150w, https:\/\/www.xbrlfrance.org\/wp-content\/uploads\/2023\/10\/Adobe_Acrobat-46x46.png 46w, https:\/\/www.xbrlfrance.org\/wp-content\/uploads\/2023\/10\/Adobe_Acrobat.png 256w\" alt=\"\" width=\"43\" height=\"43\" \/><\/a><\/td>\n<td style=\"height: 46px; width: 24.5238%;\"><a href=\"https:\/\/www.xbrlfrance.org\/wp-content\/uploads\/2025\/09\/cloture-et-perspectives_Astrid-Montagnier-et-Morgan-Gicquel82025-11-19-09-54-17.mp4\"><img loading=\"lazy\" decoding=\"async\" class=\"aligncenter size-full wp-image-2644\" src=\"https:\/\/www.xbrlfrance.org\/wp-content\/uploads\/2023\/10\/video-46x46-2.jpg\" alt=\"\" width=\"46\" height=\"46\" \/><\/a><\/td>\n<\/tr>\n<\/tbody>\n<\/table>\n<p>\u00a0<\/p>\n<ul>\n<li>Le format ESEF a-t-il am\u00e9lior\u00e9 la confiance des march\u00e9s ? par\u00a0<strong>Alain Baetens\u00a0<\/strong>(<strong>Euronext<\/strong>) et\u00a0<strong>Alexandre Prat<\/strong>\u00a0(Corporatings)<\/li>\n<\/ul>\n<table style=\"width: 47.9762%;\">\n<tbody>\n<tr>\n<td style=\"width: 22.9762%;\"><a href=\"https:\/\/www.xbrlfrance.org\/wp-content\/uploads\/2025\/09\/04-01_2025_11_19_conf-XBRL-FR_PPT-LIVRE-BLANC-1-BAETENS-PRAT.pdf\"><img loading=\"lazy\" decoding=\"async\" class=\"aligncenter  wp-image-2579\" src=\"https:\/\/www.xbrlfrance.org\/wp-content\/uploads\/2023\/10\/Adobe_Acrobat-150x150.png\" sizes=\"auto, (max-width: 42px) 100vw, 42px\" srcset=\"https:\/\/www.xbrlfrance.org\/wp-content\/uploads\/2023\/10\/Adobe_Acrobat-150x150.png 150w, https:\/\/www.xbrlfrance.org\/wp-content\/uploads\/2023\/10\/Adobe_Acrobat-46x46.png 46w, https:\/\/www.xbrlfrance.org\/wp-content\/uploads\/2023\/10\/Adobe_Acrobat.png 256w\" alt=\"\" width=\"42\" height=\"42\" \/><\/a><\/td>\n<td style=\"width: 24.0476%;\"><a href=\"https:\/\/www.xbrlfrance.org\/wp-content\/uploads\/2025\/09\/Euronext_Corporatings_82025-11-19-10-44-08-Trim.mp4\"><img loading=\"lazy\" decoding=\"async\" class=\"aligncenter size-full wp-image-2644\" src=\"https:\/\/www.xbrlfrance.org\/wp-content\/uploads\/2023\/10\/video-46x46-2.jpg\" alt=\"\" width=\"46\" height=\"46\" \/><\/a><\/td>\n<\/tr>\n<\/tbody>\n<\/table>\n<p>\u00a0<\/p>\n<ul>\n<li>Donner du sens au reporting digital au-del\u00e0 de la conformit\u00e9 par\u00a0<strong>Thomas Verdin\u00a0<\/strong>(<strong>BM&amp;A<\/strong>) et\u00a0<strong>Hugo Rosnoblet<\/strong>\u00a0(<strong>Labrador Transparency<\/strong>)<\/li>\n<\/ul>\n<table style=\"width: 46.7857%;\">\n<tbody>\n<tr>\n<td style=\"width: 23.4524%;\"><a href=\"https:\/\/www.xbrlfrance.org\/wp-content\/uploads\/2025\/09\/04-02_2025_11_19_conf-XBRL-FR_PPT-LIVRE-BLANC-2-ROSNOBLET-VERDIN.pdf\"><img loading=\"lazy\" decoding=\"async\" class=\"aligncenter  wp-image-2579\" src=\"https:\/\/www.xbrlfrance.org\/wp-content\/uploads\/2023\/10\/Adobe_Acrobat-150x150.png\" sizes=\"auto, (max-width: 43px) 100vw, 43px\" srcset=\"https:\/\/www.xbrlfrance.org\/wp-content\/uploads\/2023\/10\/Adobe_Acrobat-150x150.png 150w, https:\/\/www.xbrlfrance.org\/wp-content\/uploads\/2023\/10\/Adobe_Acrobat-46x46.png 46w, https:\/\/www.xbrlfrance.org\/wp-content\/uploads\/2023\/10\/Adobe_Acrobat.png 256w\" alt=\"\" width=\"43\" height=\"43\" \/><\/a><\/td>\n<td style=\"width: 22.3809%;\"><a href=\"https:\/\/www.xbrlfrance.org\/wp-content\/uploads\/2025\/09\/Thomas-Verdin-et-Hugo-Rosnoblet82025-11-19-11-08-47.mp4\"><img loading=\"lazy\" decoding=\"async\" class=\"aligncenter size-full wp-image-2644\" src=\"https:\/\/www.xbrlfrance.org\/wp-content\/uploads\/2023\/10\/video-46x46-2.jpg\" alt=\"\" width=\"46\" height=\"46\" \/><\/a><\/td>\n<\/tr>\n<\/tbody>\n<\/table>\n<ul>\n<li>11h30 \u2013 11h50 \u2013 Durabilit\u00e9 \u2013 Panorama r\u00e9glementaire par\u00a0<strong>Romane Maguet<\/strong>\u00a0(<strong>BM&amp;A)<\/strong><\/li>\n<\/ul>\n<table style=\"width: 45.9524%; height: 46px;\">\n<tbody>\n<tr style=\"height: 46px;\">\n<td style=\"height: 46px; width: 23.2143%;\"><a href=\"https:\/\/www.xbrlfrance.org\/wp-content\/uploads\/2025\/09\/2025_11_19_conf-XBRL-FR_PPT_ESG._V2pptx.pdf\"><img loading=\"lazy\" decoding=\"async\" class=\"aligncenter  wp-image-2579\" src=\"https:\/\/www.xbrlfrance.org\/wp-content\/uploads\/2023\/10\/Adobe_Acrobat-150x150.png\" sizes=\"auto, (max-width: 41px) 100vw, 41px\" srcset=\"https:\/\/www.xbrlfrance.org\/wp-content\/uploads\/2023\/10\/Adobe_Acrobat-150x150.png 150w, https:\/\/www.xbrlfrance.org\/wp-content\/uploads\/2023\/10\/Adobe_Acrobat-46x46.png 46w, https:\/\/www.xbrlfrance.org\/wp-content\/uploads\/2023\/10\/Adobe_Acrobat.png 256w\" alt=\"\" width=\"41\" height=\"41\" \/><\/a><\/td>\n<td style=\"height: 46px; width: 21.7857%;\"><a href=\"https:\/\/www.xbrlfrance.org\/wp-content\/uploads\/2025\/09\/BMA_2025-11-19-12-09-32-.mp4\"><img loading=\"lazy\" decoding=\"async\" class=\"aligncenter size-full wp-image-2644\" src=\"https:\/\/www.xbrlfrance.org\/wp-content\/uploads\/2023\/10\/video-46x46-2.jpg\" alt=\"\" width=\"46\" height=\"46\" \/><\/a><\/td>\n<\/tr>\n<\/tbody>\n<\/table>\n<p>\u00a0<\/p>\n<ul>\n<li>11h50 \u2013 12h10 \u2013 Digitilisation du rapport de durabilit\u00e9 : les d\u00e9fis taxonomiques par\u00a0<strong>Matthieu Garat<\/strong>\u00a0(<strong>Amelkis<\/strong>)\u00a0<\/li>\n<\/ul>\n<table style=\"width: 45.3571%; height: 94px;\">\n<tbody>\n<tr style=\"height: 46px;\">\n<td style=\"height: 46px; width: 48.0315%;\">\u00a0<\/td>\n<td style=\"height: 46px; width: 49.8688%;\"><a href=\"https:\/\/www.xbrlfrance.org\/wp-content\/uploads\/2025\/09\/GARAT_2025-11-19-12-09-32.mp4\"><img loading=\"lazy\" decoding=\"async\" class=\"aligncenter size-full wp-image-2644\" src=\"https:\/\/www.xbrlfrance.org\/wp-content\/uploads\/2023\/10\/video-46x46-2.jpg\" alt=\"\" width=\"46\" height=\"46\" \/><\/a><\/td>\n<\/tr>\n<\/tbody>\n<\/table>\n<ul>\n<li>12h10 \u2013 12h25 \u2013 De la collecte de donn\u00e9es ESG au rapport de durabilit\u00e9 ESEF par\u00a0<strong>Mathilde Balland<\/strong>\u00a0(<strong>Pomelo-Paradigm<\/strong>) et\u00a0<strong>Manon Beaudaire<\/strong>\u00a0(<strong>Sweep<\/strong>)<\/li>\n<\/ul>\n<table style=\"width: 44.7619%; height: 89px;\">\n<tbody>\n<tr>\n<td><a href=\"https:\/\/www.xbrlfrance.org\/wp-content\/uploads\/2025\/09\/07_2025_11_19_Pomelo-Sweep_XBRL-France-2025.pdf\"><img loading=\"lazy\" decoding=\"async\" class=\"aligncenter  wp-image-2579\" src=\"https:\/\/www.xbrlfrance.org\/wp-content\/uploads\/2023\/10\/Adobe_Acrobat-150x150.png\" sizes=\"auto, (max-width: 40px) 100vw, 40px\" srcset=\"https:\/\/www.xbrlfrance.org\/wp-content\/uploads\/2023\/10\/Adobe_Acrobat-150x150.png 150w, https:\/\/www.xbrlfrance.org\/wp-content\/uploads\/2023\/10\/Adobe_Acrobat-46x46.png 46w, https:\/\/www.xbrlfrance.org\/wp-content\/uploads\/2023\/10\/Adobe_Acrobat.png 256w\" alt=\"\" width=\"40\" height=\"40\" \/><\/a><\/td>\n<td><a href=\"https:\/\/www.xbrlfrance.org\/wp-content\/uploads\/2025\/09\/SWEEP_POMELO_2025-11-19-12-09-32-.mp4\"><img loading=\"lazy\" decoding=\"async\" class=\"aligncenter size-full wp-image-2644\" src=\"https:\/\/www.xbrlfrance.org\/wp-content\/uploads\/2023\/10\/video-46x46-2.jpg\" alt=\"\" width=\"46\" height=\"46\" \/><\/a><\/td>\n<\/tr>\n<\/tbody>\n<\/table>\n<ul>\n<li>12h25 \u2013 12h40 \u2013 Les usages de l\u2019IA pour le rapport digital par\u00a0<strong>Matthieu Garat<\/strong>\u00a0(<strong>Amelkis)<\/strong><\/li>\n<\/ul>\n<table style=\"width: 47.2619%; height: 88px;\">\n<tbody>\n<tr style=\"height: 88px;\">\n<td style=\"height: 88px; width: 22.9219%;\"><a href=\"https:\/\/www.xbrlfrance.org\/wp-content\/uploads\/2025\/12\/08-2025_11_19_conf-XBRL-AMELKIS.pdf\"><img loading=\"lazy\" decoding=\"async\" class=\"aligncenter  wp-image-2579\" src=\"https:\/\/www.xbrlfrance.org\/wp-content\/uploads\/2023\/10\/Adobe_Acrobat-150x150.png\" sizes=\"auto, (max-width: 42px) 100vw, 42px\" srcset=\"https:\/\/www.xbrlfrance.org\/wp-content\/uploads\/2023\/10\/Adobe_Acrobat-150x150.png 150w, https:\/\/www.xbrlfrance.org\/wp-content\/uploads\/2023\/10\/Adobe_Acrobat-46x46.png 46w, https:\/\/www.xbrlfrance.org\/wp-content\/uploads\/2023\/10\/Adobe_Acrobat.png 256w\" alt=\"\" width=\"42\" height=\"42\" \/><\/a><\/td>\n<td style=\"height: 88px; width: 25.7685%;\"><a href=\"https:\/\/www.xbrlfrance.org\/wp-content\/uploads\/2025\/09\/amelkis-IA_2025-11-19-12-09-32.mp4\"><img loading=\"lazy\" decoding=\"async\" class=\"aligncenter size-full wp-image-2644\" src=\"https:\/\/www.xbrlfrance.org\/wp-content\/uploads\/2023\/10\/video-46x46-2.jpg\" alt=\"\" width=\"46\" height=\"46\" \/><\/a><\/td>\n<\/tr>\n<\/tbody>\n<\/table>\n<p>\u00a0<\/p>\n<p>\u00a0<\/p>\n<table>\n<tbody>\n<tr>\n<td>\n<p><strong>Speaker : Bruno Tesni\u00e8re \u2013 XBRL France<\/strong><\/p>\n<p><img loading=\"lazy\" decoding=\"async\" class=\"aligncenter size-thumbnail wp-image-2548\" src=\"https:\/\/www.xbrlfrance.org\/wp-content\/uploads\/2023\/12\/B-Tesniere-150x150.jpg\" sizes=\"auto, (max-width: 150px) 100vw, 150px\" srcset=\"https:\/\/www.xbrlfrance.org\/wp-content\/uploads\/2023\/12\/B-Tesniere-150x150.jpg 150w, https:\/\/www.xbrlfrance.org\/wp-content\/uploads\/2023\/12\/B-Tesniere-46x46.jpg 46w\" alt=\"\" width=\"150\" height=\"150\" \/><\/p>\n<\/td>\n<td>Bruno Tesni\u00e8re est commissaire aux comptes et a \u00e9t\u00e9 associ\u00e9 de PwC. Il est impliqu\u00e9 depuis la fin des ann\u00e9es 90 dans le d\u00e9veloppement du standard XBRL et est actuellement pr\u00e9sident d\u2019XBRL Europe et vice-pr\u00e9sident d\u2019XBRL France. Il est \u00e9galement conseiller technique aupr\u00e8s de la repr\u00e9sentante fran\u00e7aise au Board de l\u2019IESBA.<\/td>\n<\/tr>\n<tr>\n<td>\n<p><strong>Speaker : Gilles Maguet \u2013 XBRL France<\/strong><\/p>\n<p><img loading=\"lazy\" decoding=\"async\" class=\"aligncenter size-thumbnail wp-image-2424\" src=\"https:\/\/www.xbrlfrance.org\/wp-content\/uploads\/2023\/10\/Maguet_Gilles-116x150.png\" alt=\"\" width=\"116\" height=\"150\" \/><\/p>\n<\/td>\n<td>Gilles Maguet est le D\u00e9l\u00e9gu\u00e9 G\u00e9n\u00e9ral de XBRL France. Gilles Maguet contribue \u00e0 faire progresser XBRL en France et en Europe en collaborant avec les institutions\/autorit\u00e9s, en organisant des \u00e9v\u00e9nements et en participant \u00e0 des activit\u00e9s de groupes de travail, comme en Europe pour l\u2019ESEF, l\u2019ESG et les reportings bancaires et d\u2019assurance. Gilles Maguet est impliqu\u00e9 dans l\u2019initiative XBRL depuis 20 ans.<\/td>\n<\/tr>\n<tr>\n<td>\n<p><strong>Speaker : Philippe Vincent \u2013 CNCC<\/strong><\/p>\n<p><img loading=\"lazy\" decoding=\"async\" class=\"aligncenter size-thumbnail wp-image-3151\" src=\"https:\/\/www.xbrlfrance.org\/wp-content\/uploads\/2024\/11\/PhilippeVincent-150x150.jpg\" sizes=\"auto, (max-width: 150px) 100vw, 150px\" srcset=\"https:\/\/www.xbrlfrance.org\/wp-content\/uploads\/2024\/11\/PhilippeVincent-150x150.jpg 150w, https:\/\/www.xbrlfrance.org\/wp-content\/uploads\/2024\/11\/PhilippeVincent-46x46.jpg 46w\" alt=\"\" width=\"150\" height=\"150\" \/><\/p>\n<\/td>\n<td>\n<p>Philippe Vincent a \u00e9t\u00e9 \u00e9lu fin 2024 pr\u00e9sident de la Compagnie Nationale des Commissaires aux Comptes (CNCC) par le Conseil national de la profession, pour un mandat de quatre ans. Engag\u00e9 depuis 2006 dans les institutions au niveau r\u00e9gional et national (il fut notamment Pr\u00e9sident de la CRCC de Versailles et du Centre de 2022 \u00e0 2024 et Vice-Pr\u00e9sident de la CNCC depuis 2020), Philippe Vincent devient \u00e0 53 ans pr\u00e9sident de la Compagnie nationale des commissaires aux comptes. N\u00e9 \u00e0 Lyon, il a d\u00e9but\u00e9 sa carri\u00e8re \u00e0 la Fiduciaire de France \u00e0 Oyonnax dans le Jura, avant de rejoindre les \u00e9quipes de PwC en 1994, cabinet au sein duquel il est associ\u00e9 depuis 2006.<\/p>\n<p>En tant que membre du Bureau national et vice-pr\u00e9sident depuis 2020 sous la pr\u00e9sidence de Yannick Ollivier, Philippe Vincent a contribu\u00e9 au repositionnement de la profession de commissaire aux comptes dans son r\u00f4le soci\u00e9tal au centre de la cha\u00eene de confiance de l\u2019\u00e9conomie, ainsi qu\u2019\u00e0 la r\u00e9novation de son image.<\/p>\n<p>La mandature qui s\u2019ouvre aura vocation \u00e0 consolider ce socle, avec l\u2019ambition de rendre toujours plus audible la voix des commissaires aux comptes, au niveau national et europ\u00e9en.<\/p>\n<\/td>\n<\/tr>\n<tr>\n<td>\n<p><strong>Mod\u00e9rateur : Thomas Verdin \u2013 BM&amp;A Advisory &amp; RegTech<br \/><\/strong><\/p>\n<p><img loading=\"lazy\" decoding=\"async\" class=\"alignnone size-full wp-image-3473\" src=\"https:\/\/www.xbrlfrance.org\/wp-content\/uploads\/2025\/09\/TV.jpg\" sizes=\"auto, (max-width: 125px) 100vw, 125px\" srcset=\"https:\/\/www.xbrlfrance.org\/wp-content\/uploads\/2025\/09\/TV.jpg 125w, https:\/\/www.xbrlfrance.org\/wp-content\/uploads\/2025\/09\/TV-46x46.jpg 46w\" alt=\"\" width=\"125\" height=\"125\" \/><\/p>\n<\/td>\n<td>Thomas Verdin est Pr\u00e9sident de XBRL Europe et membre actif au sein de XBRL UK et XBRL France. Il co-pilote le groupe de travail Mapping ESEF en France. Thomas est Directeur du hub londonnien de BM&amp;A o\u00f9 l\u2019\u00e9quipe Advisory &amp; RegTech accompagne les entreprises, banques et soci\u00e9tes d\u2019assurances dans leurs obligations de reporting financier, prudentiel et ESG avec XBRL. Thomas est dipl\u00f4m\u00e9 de l\u2019Ecole Centrale Paris et de l\u2019Ecole Polytechnique de Bruxelles, et d\u2019un MBA du Coll\u00e8ge des Ing\u00e9nieurs (Paris-Stuttgart-Montreal).\u00a0<a href=\"https:\/\/www.linkedin.com\/in\/thomasverdin\" target=\"_blank\" rel=\"noopener\"><img decoding=\"async\" src=\"https:\/\/www.xbrlfrance.org\/wp-content\/uploads\/2023\/11\/in.png\" \/><\/a><\/td>\n<\/tr>\n<tr>\n<td>\n<p><strong>Mod\u00e9ratrice:<br \/><\/strong><strong>Astrid Montagnier<br \/><\/strong><strong>KPMG<\/strong><\/p>\n<p><img loading=\"lazy\" decoding=\"async\" class=\"alignnone size-thumbnail wp-image-2286\" src=\"https:\/\/www.xbrlfrance.org\/wp-content\/uploads\/2023\/11\/A-Montagnier-150x150.jpg\" sizes=\"auto, (max-width: 150px) 100vw, 150px\" srcset=\"https:\/\/www.xbrlfrance.org\/wp-content\/uploads\/2023\/11\/A-Montagnier-150x150.jpg 150w, https:\/\/www.xbrlfrance.org\/wp-content\/uploads\/2023\/11\/A-Montagnier-46x46.jpg 46w\" alt=\"\" width=\"150\" height=\"150\" \/><\/p>\n<\/td>\n<td>Astrid Montagnier est Associ\u00e9e de KPMG France au sein du d\u00e9partement Global Assurance Normes comptables et reporting. Elle m\u00e8ne des missions d\u2019assistance \u00e0 la mise en \u0153uvre des normes comptables internationales dans le cadre de changements de normes ou de transactions complexes. Elle porte les sujets de reporting \u00e9lectronique pour KPMG France, participe au groupe ESEF de la CNCC et co-pilote le groupe de travail Mapping ESEF d\u2019XBRL France. Astrid est expert-comptable et dipl\u00f4m\u00e9e de l\u2019EM Lyon.\u00a0<a href=\"https:\/\/www.linkedin.com\/in\/astridmontagnier\/\" target=\"_blank\" rel=\"noopener\"><img decoding=\"async\" src=\"https:\/\/www.xbrlfrance.org\/wp-content\/uploads\/2023\/11\/in.png\" \/><\/a><\/td>\n<\/tr>\n<tr>\n<td>\n<p><strong>Mod\u00e9ratrice:<br \/><\/strong><strong>Romane Maguet<br \/><\/strong><strong>BM&amp;A<\/strong><\/p>\n<p><img loading=\"lazy\" decoding=\"async\" class=\"alignnone size-thumbnail wp-image-2330\" src=\"https:\/\/www.xbrlfrance.org\/wp-content\/uploads\/2023\/10\/Image1-1-e1699891072689-150x150.jpg\" sizes=\"auto, (max-width: 150px) 100vw, 150px\" srcset=\"https:\/\/www.xbrlfrance.org\/wp-content\/uploads\/2023\/10\/Image1-1-e1699891072689-150x150.jpg 150w, https:\/\/www.xbrlfrance.org\/wp-content\/uploads\/2023\/10\/Image1-1-e1699891072689-46x46.jpg 46w\" alt=\"\" width=\"150\" height=\"150\" \/><\/p>\n<\/td>\n<td>Romane Maguet est membre du Conseil d\u2019Administration de XBRL France. Elle fait partie du groupe de travail ESG de XBRL Europe depuis 2020 et co-pilote le groupe de travail ESRS de XBRL France. Romane est consultante ESG chez BM&amp;A et travaille dans les domaines d\u2019ESEF et de XBRL ainsi que dans le domaine du d\u00e9veloppement durable.\u00a0<a href=\"https:\/\/www.linkedin.com\/in\/romanemaguet\" target=\"_blank\" rel=\"noopener\"><img loading=\"lazy\" decoding=\"async\" class=\"alignnone\" src=\"https:\/\/www.xbrlfrance.org\/wp-content\/uploads\/2023\/11\/in.png\" alt=\"\" width=\"24\" height=\"24\" \/><\/a><\/td>\n<\/tr>\n<tr>\n<td>\n<p><strong>Speaker :<\/strong><\/p>\n<p><strong>Matthieu Garat<\/strong><\/p>\n<p><strong>Amelkis<\/strong><\/p>\n<p><img loading=\"lazy\" decoding=\"async\" class=\"alignleft size-thumbnail wp-image-3484\" src=\"https:\/\/www.xbrlfrance.org\/wp-content\/uploads\/2025\/09\/Garat_Matthieu-1-150x150.jpg\" sizes=\"auto, (max-width: 150px) 100vw, 150px\" srcset=\"https:\/\/www.xbrlfrance.org\/wp-content\/uploads\/2025\/09\/Garat_Matthieu-1-150x150.jpg 150w, https:\/\/www.xbrlfrance.org\/wp-content\/uploads\/2025\/09\/Garat_Matthieu-1-46x46.jpg 46w\" alt=\"\" width=\"150\" height=\"150\" \/><\/p>\n<\/td>\n<td>\n<p>Matthieu GARAT est membre de XBRL France depuis 2019. Il fait partie du groupe de travail ESG de XBRL Europe. Matthieu est responsable de la BU ESG\/XBRL chez Amelkis et a pr\u00e9c\u00e9demment travaill\u00e9 aupr\u00e8s des groupes cot\u00e9s dans la digitalisation des documents d\u2019enregistrement universel, et les syst\u00e8mes collaboratifs \u00e9ditoriaux. Matthieu est dipl\u00f4m\u00e9 de Paris VIII en technologies digitales et de l\u2019ENSAAMA en design produit.<\/p>\n<\/td>\n<\/tr>\n<tr>\n<td>\n<p><strong>Speaker:<\/strong><\/p>\n<p><strong>Morgan Gicquel \u2013 Deloitte<\/strong><\/p>\n<p><img loading=\"lazy\" decoding=\"async\" class=\"aligncenter size-thumbnail wp-image-3511\" src=\"https:\/\/www.xbrlfrance.org\/wp-content\/uploads\/2025\/09\/Gicquel_Morgan_Deloitte_Capa_ADetienne_464-150x150.jpg\" sizes=\"auto, (max-width: 150px) 100vw, 150px\" srcset=\"https:\/\/www.xbrlfrance.org\/wp-content\/uploads\/2025\/09\/Gicquel_Morgan_Deloitte_Capa_ADetienne_464-150x150.jpg 150w, https:\/\/www.xbrlfrance.org\/wp-content\/uploads\/2025\/09\/Gicquel_Morgan_Deloitte_Capa_ADetienne_464-46x46.jpg 46w\" alt=\"\" width=\"150\" height=\"150\" \/><\/p>\n<p>\u00a0<\/p>\n<\/td>\n<td>\n<p>Morgan Gicquel est Directeur signataire au sein du d\u00e9partement Audit Grands Comptes et Op\u00e9rations Financi\u00e8res de Deloitte France. Il est responsable de l\u2019audit de soci\u00e9t\u00e9s cot\u00e9es et pilote le travaux li\u00e9s au reporting ESEF pour Deloitte France. Sur ESEF, il accompagne les \u00e9quipes d\u2019audit dans la r\u00e9alisation des diligences sp\u00e9cifiques et intervient \u00e9galement en conseil aupr\u00e8s des clients non-audit.<\/p>\n<p>Morgan co-anime le groupe de travail Mapping ESEF d\u2019XBRL France et participe au groupe ESEF de la CNCC. Morgan est commissaire aux comptes inscrit.<\/p>\n<p>\u00a0<\/p>\n<\/td>\n<\/tr>\n<tr>\n<td>\n<p><strong>Spearker :<\/strong><\/p>\n<p><strong>Alain Baetens \u2013 Euronext<\/strong><\/p>\n<\/td>\n<td>\u00a0<\/td>\n<\/tr>\n<tr>\n<td>\n<p><strong>Speaker : Alexandre Prat-Fourcade \u2013 Corporatings<\/strong><\/p>\n<p><img loading=\"lazy\" decoding=\"async\" class=\"aligncenter size-thumbnail wp-image-2498\" src=\"https:\/\/www.xbrlfrance.org\/wp-content\/uploads\/2023\/12\/AlexandrePratFourcade-150x150.jpg\" sizes=\"auto, (max-width: 150px) 100vw, 150px\" srcset=\"https:\/\/www.xbrlfrance.org\/wp-content\/uploads\/2023\/12\/AlexandrePratFourcade-150x150.jpg 150w, https:\/\/www.xbrlfrance.org\/wp-content\/uploads\/2023\/12\/AlexandrePratFourcade-300x300.jpg 300w, https:\/\/www.xbrlfrance.org\/wp-content\/uploads\/2023\/12\/AlexandrePratFourcade-46x46.jpg 46w, https:\/\/www.xbrlfrance.org\/wp-content\/uploads\/2023\/12\/AlexandrePratFourcade.jpg 400w\" alt=\"\" width=\"150\" height=\"150\" \/><\/p>\n<\/td>\n<td>Alexandre Prat-Fourcade est cofondateur et CEO de Corporatings, une soci\u00e9t\u00e9 innovante visant la mise \u00e0 disposition et l\u2019exploitation des donn\u00e9es XBRL. Il m\u00e8ne notamment des travaux visant \u00e0 faciliter l\u2019acc\u00e8s et la manipulation des donn\u00e9es par les analystes dans le cadre de la digitalisation du m\u00e9tier de l\u2019analyste. Il porte les sujets de reporting \u00e9lectronique aupr\u00e8s des associations financi\u00e8res et pilote le groupe de travail analyse des donn\u00e9es d\u2019XBRL France. Alexandre est membre de l\u2019association CFA Society France.<\/td>\n<\/tr>\n<tr>\n<td>\n<p><strong>Speaker : Hugo Rosnoblet \u2013 Labrador Transparency<\/strong><\/p>\n<p><img loading=\"lazy\" decoding=\"async\" class=\"aligncenter size-thumbnail wp-image-3565\" src=\"https:\/\/www.xbrlfrance.org\/wp-content\/uploads\/2025\/09\/ROSNOBLET-150x150.jpg\" sizes=\"auto, (max-width: 150px) 100vw, 150px\" srcset=\"https:\/\/www.xbrlfrance.org\/wp-content\/uploads\/2025\/09\/ROSNOBLET-150x150.jpg 150w, https:\/\/www.xbrlfrance.org\/wp-content\/uploads\/2025\/09\/ROSNOBLET-46x46.jpg 46w\" alt=\"\" width=\"150\" height=\"150\" \/><\/p>\n<\/td>\n<td>Hugo Rosnoblet est responsable du p\u00f4le XBRL chez Labrador Transparency, leader international de la communication r\u00e9glement\u00e9e. Dipl\u00f4m\u00e9 de l\u2019\u00e9cole sup\u00e9rieure Audencia et membre d\u2019XBRL France depuis 2023, il accompagne de nombreux \u00e9metteurs pour leur assurer un d\u00e9p\u00f4t en toute conformit\u00e9. Pleinement investi dans la digitalisation des rapports financiers, Hugo contribue activement \u00e0 l\u2019am\u00e9lioration des processus et \u00e0 la diffusion des bonnes pratiques au sein de l\u2019\u00e9cosyst\u00e8me.\u00a0\u00a0\u00a0\u00a0\u00a0<\/td>\n<\/tr>\n<tr>\n<td>\n<p><strong>Mathilde Balland \u2013\u00a0 Pomelo-Paradigm<\/strong><\/p>\n<p><img loading=\"lazy\" decoding=\"async\" class=\"aligncenter size-thumbnail wp-image-3516\" src=\"https:\/\/www.xbrlfrance.org\/wp-content\/uploads\/2025\/09\/balland-150x150.png\" sizes=\"auto, (max-width: 150px) 100vw, 150px\" srcset=\"https:\/\/www.xbrlfrance.org\/wp-content\/uploads\/2025\/09\/balland-150x150.png 150w, https:\/\/www.xbrlfrance.org\/wp-content\/uploads\/2025\/09\/balland-46x46.png 46w\" alt=\"\" width=\"150\" height=\"150\" \/><\/p>\n<\/td>\n<td>\n<p>Mathilde est Responsable Durabilit\u00e9 &amp; Partenariats chez Pomelo-Paradigm, \u00e9diteur de la solution Pomdoc DM. Apr\u00e8s 5 ann\u00e9es \u00e0 accompagner les utilisateurs de la solution dans l\u2019\u00e9laboration de Rapports Annuels, URD et Rapports de durabilit\u00e9, elle est aujourd\u2019hui en charge de la mise en place et du d\u00e9veloppement de la politique de durabilit\u00e9 de l\u2019entreprise. Elle assure \u00e9galement la bonne gestion de leur \u00e9cosyst\u00e8me de partenaires, afin de d\u00e9velopper le portefeuille de comp\u00e9tences propos\u00e9es pour l\u2019accompagnement des clients de Pomelo-Paradigm.<\/p>\n<p><a href=\"https:\/\/www.linkedin.com\/in\/mathildeballand\/\">https:\/\/www.linkedin.com\/in\/mathildeballand\/<\/a><\/p>\n<\/td>\n<\/tr>\n<tr>\n<td>\n<p><strong>Manon Beaudaire \u2013 Sweep<\/strong><\/p>\n<p><img loading=\"lazy\" decoding=\"async\" class=\"aligncenter size-thumbnail wp-image-3517\" src=\"https:\/\/www.xbrlfrance.org\/wp-content\/uploads\/2025\/09\/beaudaire-150x150.png\" sizes=\"auto, (max-width: 150px) 100vw, 150px\" srcset=\"https:\/\/www.xbrlfrance.org\/wp-content\/uploads\/2025\/09\/beaudaire-150x150.png 150w, https:\/\/www.xbrlfrance.org\/wp-content\/uploads\/2025\/09\/beaudaire-300x300.png 300w, https:\/\/www.xbrlfrance.org\/wp-content\/uploads\/2025\/09\/beaudaire-768x768.png 768w, https:\/\/www.xbrlfrance.org\/wp-content\/uploads\/2025\/09\/beaudaire-46x46.png 46w, https:\/\/www.xbrlfrance.org\/wp-content\/uploads\/2025\/09\/beaudaire-620x620.png 620w, https:\/\/www.xbrlfrance.org\/wp-content\/uploads\/2025\/09\/beaudaire.png 800w\" alt=\"\" width=\"150\" height=\"150\" \/><\/p>\n<\/td>\n<td>\n<p>Manon Beaudaire est experte ESG dans l\u2019\u00e9quipe produit de Sweep, plateforme de r\u00e9f\u00e9rence pour la gestion des donn\u00e9es de durabilit\u00e9 des entreprises. Ancienne auditrice des rapports de durabilit\u00e9, Manon met son expertise au service des entreprises depuis plusieurs ann\u00e9es pour leur permettre de mieux piloter leurs donn\u00e9es ESG, am\u00e9liorer leur performance extra-financi\u00e8re et les aider \u00e0 devenir plus r\u00e9siliantes.<\/p>\n<p><a href=\"https:\/\/fr.linkedin.com\/in\/manon-beaudaire\">https:\/\/fr.linkedin.com\/in\/manon-beaudaire<\/a>\u00a0<\/p>\n<\/td>\n<\/tr>\n<\/tbody>\n<\/table>\n<\/div>\n<div class=\"col300 fl page-column\">\n<div class=\"sidebar\">\n<div>\n<h2>Rechercher sur XBRL France<\/h2>\n<form id=\"searchform\" class=\"searchform\" role=\"search\" action=\"https:\/\/www.xbrlfrance.org\/\" method=\"get\">\n<div><input id=\"s\" name=\"s\" type=\"text\" value=\"\" placeholder=\"Search\" \/><\/div>\n<\/form><\/div>\n<div>\n<h2>Tweets XBRL France<\/h2>\n<div class=\"twitter-timeline twitter-timeline-rendered\"><iframe id=\"twitter-widget-0\" class=\"\" title=\"Twitter Timeline\" src=\"https:\/\/syndication.twitter.com\/srv\/timeline-profile\/screen-name\/xbrlfrance?dnt=false&amp;embedId=twitter-widget-0&amp;features=eyJ0ZndfdGltZWxpbmVfbGlzdCI6eyJidWNrZXQiOltdLCJ2ZXJzaW9uIjpudWxsfSwidGZ3X2ZvbGxvd2VyX2NvdW50X3N1bnNldCI6eyJidWNrZXQiOnRydWUsInZlcnNpb24iOm51bGx9LCJ0ZndfdHdlZXRfZWRpdF9iYWNrZW5kIjp7ImJ1Y2tldCI6Im9uIiwidmVyc2lvbiI6bnVsbH0sInRmd19yZWZzcmNfc2Vzc2lvbiI6eyJidWNrZXQiOiJvbiIsInZlcnNpb24iOm51bGx9LCJ0ZndfZm9zbnJfc29mdF9pbnRlcnZlbnRpb25zX2VuYWJsZWQiOnsiYnVja2V0Ijoib24iLCJ2ZXJzaW9uIjpudWxsfSwidGZ3X21peGVkX21lZGlhXzE1ODk3Ijp7ImJ1Y2tldCI6InRyZWF0bWVudCIsInZlcnNpb24iOm51bGx9LCJ0ZndfZXhwZXJpbWVudHNfY29va2llX2V4cGlyYXRpb24iOnsiYnVja2V0IjoxMjA5NjAwLCJ2ZXJzaW9uIjpudWxsfSwidGZ3X3Nob3dfYmlyZHdhdGNoX3Bpdm90c19lbmFibGVkIjp7ImJ1Y2tldCI6Im9uIiwidmVyc2lvbiI6bnVsbH0sInRmd19kdXBsaWNhdGVfc2NyaWJlc190b19zZXR0aW5ncyI6eyJidWNrZXQiOiJvbiIsInZlcnNpb24iOm51bGx9LCJ0ZndfdXNlX3Byb2ZpbGVfaW1hZ2Vfc2hhcGVfZW5hYmxlZCI6eyJidWNrZXQiOiJvbiIsInZlcnNpb24iOm51bGx9LCJ0ZndfdmlkZW9faGxzX2R5bmFtaWNfbWFuaWZlc3RzXzE1MDgyIjp7ImJ1Y2tldCI6InRydWVfYml0cmF0ZSIsInZlcnNpb24iOm51bGx9LCJ0ZndfbGVnYWN5X3RpbWVsaW5lX3N1bnNldCI6eyJidWNrZXQiOnRydWUsInZlcnNpb24iOm51bGx9LCJ0ZndfdHdlZXRfZWRpdF9mcm9udGVuZCI6eyJidWNrZXQiOiJvbiIsInZlcnNpb24iOm51bGx9fQ%3D%3D&amp;frame=false&amp;hideBorder=true&amp;hideFooter=true&amp;hideHeader=true&amp;hideScrollBar=true&amp;lang=en&amp;limit=2&amp;maxHeight=400px&amp;origin=https%3A%2F%2Fwww.xbrlfrance.org%2F%3Fp%3D3429&amp;sessionId=f85795f6e98e7b4d3c34a09d277de1c38db7d8c5&amp;showHeader=false&amp;showReplies=false&amp;theme=dark&amp;transparent=false&amp;widgetsVersion=2615f7e52b7e0%3A1702314776716\" frameborder=\"0\" scrolling=\"no\" allowfullscreen=\"allowfullscreen\" data-mce-fragment=\"1\"><\/iframe><\/div>\n<a class=\"twitter-timeline\" href=\"https:\/\/twitter.com\/xbrlfrance\" data-height=\"400\" data-tweet-limit=\"2\" data-theme=\"dark\" data-link-color=\"#3b94d9\" data-border-color=\"#f5f5f5\" data-chrome=\"noheader nofooter noborders noscrollbar\" data-twitter-extracted-i1765184342268764445=\"true\">Twe<\/a><\/div>\n<\/div>\n<\/div>","protected":false},"excerpt":{"rendered":"<p>\u00a0 9h15 \u00e0 12h40\u00a0 LES PRESENTATIONS ET VIDEOS Bienvenue par\u00a0Philippe Vincent\u00a0(CNCC, Compagnie Nationale des Commissaires aux Comptes) et Introduction par\u00a0Bruno Tesni\u00e8re\u00a0(XBRL France) et\u00a0Gilles Maguet\u00a0(XBRL France) Vision AMF \u2013 Campagne ESEF 2025 par\u00a0Yazid Boumala,\u00a0Direction des Affaires Comptables,\u00a0Autorit\u00e9 des march\u00e9s financiers (AMF) \u00a0 Pr\u00e9paration de la cl\u00f4ture 2025 (\u00e9tats financiers) par\u00a0Astrid Montagnier\u00a0(KPMG) et\u00a0Morgan Gicquel\u00a0(Deloitte) et Perspectives 2026\/2027 [&hellip;]<\/p>\n","protected":false},"author":1,"featured_media":0,"comment_status":"open","ping_status":"open","sticky":false,"template":"","format":"standard","meta":{"footnotes":""},"categories":[1],"tags":[],"class_list":["post-3429","post","type-post","status-publish","format-standard","hentry","category-non-classe"],"_links":{"self":[{"href":"https:\/\/www.xbrlfrance.org\/index.php?rest_route=\/wp\/v2\/posts\/3429","targetHints":{"allow":["GET"]}}],"collection":[{"href":"https:\/\/www.xbrlfrance.org\/index.php?rest_route=\/wp\/v2\/posts"}],"about":[{"href":"https:\/\/www.xbrlfrance.org\/index.php?rest_route=\/wp\/v2\/types\/post"}],"author":[{"embeddable":true,"href":"https:\/\/www.xbrlfrance.org\/index.php?rest_route=\/wp\/v2\/users\/1"}],"replies":[{"embeddable":true,"href":"https:\/\/www.xbrlfrance.org\/index.php?rest_route=%2Fwp%2Fv2%2Fcomments&post=3429"}],"version-history":[{"count":55,"href":"https:\/\/www.xbrlfrance.org\/index.php?rest_route=\/wp\/v2\/posts\/3429\/revisions"}],"predecessor-version":[{"id":3724,"href":"https:\/\/www.xbrlfrance.org\/index.php?rest_route=\/wp\/v2\/posts\/3429\/revisions\/3724"}],"wp:attachment":[{"href":"https:\/\/www.xbrlfrance.org\/index.php?rest_route=%2Fwp%2Fv2%2Fmedia&parent=3429"}],"wp:term":[{"taxonomy":"category","embeddable":true,"href":"https:\/\/www.xbrlfrance.org\/index.php?rest_route=%2Fwp%2Fv2%2Fcategories&post=3429"},{"taxonomy":"post_tag","embeddable":true,"href":"https:\/\/www.xbrlfrance.org\/index.php?rest_route=%2Fwp%2Fv2%2Ftags&post=3429"}],"curies":[{"name":"wp","href":"https:\/\/api.w.org\/{rel}","templated":true}]}}